{"id":106490,"date":"2018-06-03T06:00:02","date_gmt":"2018-06-03T09:00:02","guid":{"rendered":"http:\/\/diarioregionaljf.com.br\/?p=106490"},"modified":"2018-08-09T19:32:31","modified_gmt":"2018-08-09T22:32:31","slug":"liberte-completamente-o-ser-humano-2","status":"publish","type":"post","link":"https:\/\/diarioregionaldigital.com.br\/?p=106490","title":{"rendered":"Liberte Completamente o ser Humano"},"content":{"rendered":"<p style=\"text-align: center;\"><strong>Liberte Completamente o ser Humano<\/strong><\/p>\n<p style=\"text-align: center;\">Voc\u00ea n\u00e3o deve \u201camarrar\u201d ningu\u00e9m, nem materialmente nem mentalmente. E, assim como n\u00e3o deve \u201camarrar\u201d os outros, tamb\u00e9m n\u00e3o deve \u201camarrar\u201d a si pr\u00f3prio. Isso porque todos somos filhos de Deus. Ter qualquer pensamento restritivo, em rela\u00e7\u00e3o a quem quer que seja, \u00e9 \u201camarrar\u201d essa pessoa. Se voc\u00ea pensar \u201cFulano n\u00e3o pode se mover porque est\u00e1 doente\u201d, estar\u00e1 \u201camarrando\u201d essa pessoa. Se pensar \u201cprovavelmente, sicrano n\u00e3o mais se recuperar\u00e1, pois o seu corpo est\u00e1 tomado por v\u00edrus\u201d, voc\u00ea estar\u00e1 \u201camarrando\u201d essa pessoa. Se pensar \u201cBeltrano tem mau car\u00e1ter, e \u00e9 bem prov\u00e1vel que ele v\u00e1 me trair\u201d, voc\u00ea estar\u00e1 \u201camarrando\u201d essa pessoa. Referir-se a algu\u00e9m em termos negativos equivale a \u201camarr\u00e1-lo\u201d. N\u00e3o devemos nos referir a quem quer que seja em termos restritivos e negativos. Libertar realmente as pessoas \u00e9 contemplar e reverenciar a sua verdadeira natureza, perfeita em todos os sentidos e dotada de capacidade ilimitada.<br \/>\nOs pensamentos e sentimentos lan\u00e7ados sobre urna pessoa v\u00e3o prend\u00ea-la e limit\u00e1-Ia na forma condizente com esses pensamentos e sentimentos. Devemos deixar abertas todas as portas para que a potencial idade dos outros possa manifestar-se livremente. E devemos ser assim com n\u00f3s pr\u00f3prios tamb\u00e9m. Aquele que se julga pobre d talento est\u00e1 \u201camarrando\u201d a si pr\u00f3prio; aquele que acredita ter uma constitui\u00e7\u00e3o fr\u00e1gil est\u00e1 \u201camarrando\u201d a si pr\u00f3prio; aquele que se julga uma pessoa irasc\u00edvel est\u00e1 \u201camarrando\u201d a si pr\u00f3prio; aquele que pensa que o seu car\u00e1ter tem tra\u00e7os negativos est\u00e1 \u201camarrando\u201d a si pr\u00f3prio.<br \/>\nDevemos ter mais f\u00e9 na natureza divina do ser humano, pois a sua capacidade \u00e9 ilimitada. O homem consegue desenvolver-se na medida exata da f\u00e9 que ele tem em si mesmo, e tamb\u00e9m na medida exata da f\u00e9 que os outros t\u00eam nele. N\u00e3o h\u00e1 nenhum acontecimento nem experi\u00eancia alguma pelos quais Deus nos faz passar com o intuito de \u201camarrar-nos\u201d ou prejudicar-nos. Todos os acontecimentos e experi\u00eancias nos s\u00e3o proporcionados por Deus para que possamos exteriorizar e fazer brilhar cada vez mais a nossa capacidade latente. Conscientizando isso e aceitando com gratid\u00e3o todos os acontecimentos e situa\u00e7\u00f5es \u2013 convictos de que eles nada mais s\u00e3o que meios para melhor exteriorizarmos e esmerarmos nossa capacidade latente e ilimitada \u2013 podemos fazer deles oportunidades para manifestar mais amplamente nossa natureza divina.<\/p>\n","protected":false},"excerpt":{"rendered":"<p>Liberte Completamente o ser Humano Voc\u00ea n\u00e3o deve \u201camarrar\u201d ningu\u00e9m, nem materialmente nem mentalmente. E, assim como n\u00e3o deve \u201camarrar\u201d os outros, tamb\u00e9m n\u00e3o deve \u201camarrar\u201d a si pr\u00f3prio. Isso porque todos somos filhos de Deus. Ter qualquer pensamento restritivo, em rela\u00e7\u00e3o a quem quer que seja, \u00e9 \u201camarrar\u201d essa pessoa. Se voc\u00ea pensar \u201cFulano [&hellip;]<\/p>\n","protected":false},"author":96,"featured_media":0,"comment_status":"closed","ping_status":"closed","sticky":false,"template":"","format":"standard","meta":{"footnotes":""},"categories":[263],"tags":[],"class_list":["post-106490","post","type-post","status-publish","format-standard","hentry","category-jane-aragao"],"_links":{"self":[{"href":"https:\/\/diarioregionaldigital.com.br\/index.php?rest_route=\/wp\/v2\/posts\/106490","targetHints":{"allow":["GET"]}}],"collection":[{"href":"https:\/\/diarioregionaldigital.com.br\/index.php?rest_route=\/wp\/v2\/posts"}],"about":[{"href":"https:\/\/diarioregionaldigital.com.br\/index.php?rest_route=\/wp\/v2\/types\/post"}],"author":[{"embeddable":true,"href":"https:\/\/diarioregionaldigital.com.br\/index.php?rest_route=\/wp\/v2\/users\/96"}],"replies":[{"embeddable":true,"href":"https:\/\/diarioregionaldigital.com.br\/index.php?rest_route=%2Fwp%2Fv2%2Fcomments&post=106490"}],"version-history":[{"count":0,"href":"https:\/\/diarioregionaldigital.com.br\/index.php?rest_route=\/wp\/v2\/posts\/106490\/revisions"}],"wp:attachment":[{"href":"https:\/\/diarioregionaldigital.com.br\/index.php?rest_route=%2Fwp%2Fv2%2Fmedia&parent=106490"}],"wp:term":[{"taxonomy":"category","embeddable":true,"href":"https:\/\/diarioregionaldigital.com.br\/index.php?rest_route=%2Fwp%2Fv2%2Fcategories&post=106490"},{"taxonomy":"post_tag","embeddable":true,"href":"https:\/\/diarioregionaldigital.com.br\/index.php?rest_route=%2Fwp%2Fv2%2Ftags&post=106490"}],"curies":[{"name":"wp","href":"https:\/\/api.w.org\/{rel}","templated":true}]}}