{"id":106486,"date":"2018-06-03T06:00:20","date_gmt":"2018-06-03T09:00:20","guid":{"rendered":"http:\/\/diarioregionaljf.com.br\/?p=106486"},"modified":"2018-08-13T20:27:53","modified_gmt":"2018-08-13T23:27:53","slug":"prefeitura-municipal-de-tocantins-no51-03-06-18","status":"publish","type":"post","link":"https:\/\/diarioregionaldigital.com.br\/?p=106486","title":{"rendered":"Prefeitura Municipal de Tocantins n\u00ba51 03\/06\/18"},"content":{"rendered":"<p style=\"text-align: center;\"><strong>AVISO DE ERRATA &#8211; RETIFICA\u00c7\u00c3O<\/strong><\/p>\n<p style=\"text-align: center;\"><strong>Licita\u00e7\u00e3o n\u00b0 051\/2018<\/strong><\/p>\n<p style=\"text-align: center;\"><strong>Modalidade de Preg\u00e3o Presencial n\u00b0 039\/2018<\/strong><\/p>\n<p style=\"text-align: center;\">O Munic\u00edpio de TOCANTINS, na forma da lei, faz saber a todos os interessados que tiverem conhecimento e interesse na licita\u00e7\u00e3o supramencionada que far\u00e1 retifica\u00e7\u00e3o no edital, cujo objeto \u00e9 a aquisi\u00e7\u00e3o de tendas calhadas em lona, enunciados no anexo I do edital, sendo redesignada para o no dia 19\/06\/2018 as 08:00 horas na sala de licita\u00e7\u00f5es, localizada na Av. Padre Mac\u00e1rio, n\u00b0 129, bairro Centro, munic\u00edpio de TOCANTINS. O edital completo encontra-se a disposi\u00e7\u00e3o dos interessados no endere\u00e7o citado anteriormente, no hor\u00e1rio de expediente de 08:00 \u00e0s 11:00 e de 13:00 \u00e0s 16:00 hrs. TOCANTINS, 30 de maio de 2018.\u00a0JANSEN PASCHOALINO ROCHA &#8211; PREGOEIRO<\/p>\n","protected":false},"excerpt":{"rendered":"<p>AVISO DE ERRATA &#8211; RETIFICA\u00c7\u00c3O Licita\u00e7\u00e3o n\u00b0 051\/2018 Modalidade de Preg\u00e3o Presencial n\u00b0 039\/2018 O Munic\u00edpio de TOCANTINS, na forma da lei, faz saber a todos os interessados que tiverem conhecimento e interesse na licita\u00e7\u00e3o supramencionada que far\u00e1 retifica\u00e7\u00e3o no edital, cujo objeto \u00e9 a aquisi\u00e7\u00e3o de tendas calhadas em lona, enunciados no anexo I [&hellip;]<\/p>\n","protected":false},"author":96,"featured_media":0,"comment_status":"closed","ping_status":"closed","sticky":false,"template":"","format":"standard","meta":{"footnotes":""},"categories":[307],"tags":[],"class_list":["post-106486","post","type-post","status-publish","format-standard","hentry","category-editais"],"_links":{"self":[{"href":"https:\/\/diarioregionaldigital.com.br\/index.php?rest_route=\/wp\/v2\/posts\/106486","targetHints":{"allow":["GET"]}}],"collection":[{"href":"https:\/\/diarioregionaldigital.com.br\/index.php?rest_route=\/wp\/v2\/posts"}],"about":[{"href":"https:\/\/diarioregionaldigital.com.br\/index.php?rest_route=\/wp\/v2\/types\/post"}],"author":[{"embeddable":true,"href":"https:\/\/diarioregionaldigital.com.br\/index.php?rest_route=\/wp\/v2\/users\/96"}],"replies":[{"embeddable":true,"href":"https:\/\/diarioregionaldigital.com.br\/index.php?rest_route=%2Fwp%2Fv2%2Fcomments&post=106486"}],"version-history":[{"count":0,"href":"https:\/\/diarioregionaldigital.com.br\/index.php?rest_route=\/wp\/v2\/posts\/106486\/revisions"}],"wp:attachment":[{"href":"https:\/\/diarioregionaldigital.com.br\/index.php?rest_route=%2Fwp%2Fv2%2Fmedia&parent=106486"}],"wp:term":[{"taxonomy":"category","embeddable":true,"href":"https:\/\/diarioregionaldigital.com.br\/index.php?rest_route=%2Fwp%2Fv2%2Fcategories&post=106486"},{"taxonomy":"post_tag","embeddable":true,"href":"https:\/\/diarioregionaldigital.com.br\/index.php?rest_route=%2Fwp%2Fv2%2Ftags&post=106486"}],"curies":[{"name":"wp","href":"https:\/\/api.w.org\/{rel}","templated":true}]}}