{"id":106484,"date":"2018-06-03T06:00:55","date_gmt":"2018-06-03T09:00:55","guid":{"rendered":"http:\/\/diarioregionaljf.com.br\/?p=106484"},"modified":"2018-08-13T20:27:36","modified_gmt":"2018-08-13T23:27:36","slug":"prefeitura-municipal-de-tocantins-no45-03-06-18","status":"publish","type":"post","link":"https:\/\/diarioregionaldigital.com.br\/?p=106484","title":{"rendered":"Prefeitura Municipal de Tocantins n\u00ba45 03\/06\/18"},"content":{"rendered":"<p style=\"text-align: center;\"><strong>VISO DE CANCELAMENTO DE LICITA\u00c7\u00c3O<\/strong><\/p>\n<p style=\"text-align: center;\"><strong>LICITA\u00c7\u00c3O N\u00b0 045\/2018<\/strong><\/p>\n<p style=\"text-align: center;\"><strong>MODALIDADE DE TOMADA DE PRE\u00c7OS N\u00b0004\/2018<\/strong><\/p>\n<p style=\"text-align: center;\">O Munic\u00edpio de TOCANTINS, na forma da lei,\u00a0torna p\u00fablico para conhecimento dos interessados, que decidiu CANCELAR a Tomada de Pre\u00e7os 004\/2018, decorrente do processo n\u00ba 045\/2018, cujo objeto trata da contrata\u00e7\u00e3o de empresa\u00a0especializada para execu\u00e7\u00e3o de cal\u00e7amento em bloquete, execu\u00e7\u00e3o de sarjeta e meio-fio, na Rua Alferes Joaquim da Rocha, Tocantins\/MG, cuja \u00e1rea de cal\u00e7amento em bloquete mais a sarjeta ser\u00e1 de 1.540,00m\u00b2, de acordo com o Projeto B\u00e1sico. Para conhecimento de todos os interessados, expediu-se o presente que ser\u00e1 afixado no lugar de costume, publicando-se na forma da lei. TOCANTINS, 30 de maio de 2018.<\/p>\n<p style=\"text-align: center;\"><strong>MARIA DE F\u00c1TIMA DA SILVA RODRIGUES<\/strong><\/p>\n<p style=\"text-align: center;\"><strong>PRESIDENTE DA COMISS\u00c3O DE LICITA\u00c7\u00c3O<\/strong><\/p>\n","protected":false},"excerpt":{"rendered":"<p>VISO DE CANCELAMENTO DE LICITA\u00c7\u00c3O LICITA\u00c7\u00c3O N\u00b0 045\/2018 MODALIDADE DE TOMADA DE PRE\u00c7OS N\u00b0004\/2018 O Munic\u00edpio de TOCANTINS, na forma da lei,\u00a0torna p\u00fablico para conhecimento dos interessados, que decidiu CANCELAR a Tomada de Pre\u00e7os 004\/2018, decorrente do processo n\u00ba 045\/2018, cujo objeto trata da contrata\u00e7\u00e3o de empresa\u00a0especializada para execu\u00e7\u00e3o de cal\u00e7amento em bloquete, execu\u00e7\u00e3o de [&hellip;]<\/p>\n","protected":false},"author":96,"featured_media":0,"comment_status":"closed","ping_status":"closed","sticky":false,"template":"","format":"standard","meta":{"footnotes":""},"categories":[307],"tags":[],"class_list":["post-106484","post","type-post","status-publish","format-standard","hentry","category-editais"],"_links":{"self":[{"href":"https:\/\/diarioregionaldigital.com.br\/index.php?rest_route=\/wp\/v2\/posts\/106484","targetHints":{"allow":["GET"]}}],"collection":[{"href":"https:\/\/diarioregionaldigital.com.br\/index.php?rest_route=\/wp\/v2\/posts"}],"about":[{"href":"https:\/\/diarioregionaldigital.com.br\/index.php?rest_route=\/wp\/v2\/types\/post"}],"author":[{"embeddable":true,"href":"https:\/\/diarioregionaldigital.com.br\/index.php?rest_route=\/wp\/v2\/users\/96"}],"replies":[{"embeddable":true,"href":"https:\/\/diarioregionaldigital.com.br\/index.php?rest_route=%2Fwp%2Fv2%2Fcomments&post=106484"}],"version-history":[{"count":0,"href":"https:\/\/diarioregionaldigital.com.br\/index.php?rest_route=\/wp\/v2\/posts\/106484\/revisions"}],"wp:attachment":[{"href":"https:\/\/diarioregionaldigital.com.br\/index.php?rest_route=%2Fwp%2Fv2%2Fmedia&parent=106484"}],"wp:term":[{"taxonomy":"category","embeddable":true,"href":"https:\/\/diarioregionaldigital.com.br\/index.php?rest_route=%2Fwp%2Fv2%2Fcategories&post=106484"},{"taxonomy":"post_tag","embeddable":true,"href":"https:\/\/diarioregionaldigital.com.br\/index.php?rest_route=%2Fwp%2Fv2%2Ftags&post=106484"}],"curies":[{"name":"wp","href":"https:\/\/api.w.org\/{rel}","templated":true}]}}