{"id":106482,"date":"2018-06-03T06:00:21","date_gmt":"2018-06-03T09:00:21","guid":{"rendered":"http:\/\/diarioregionaljf.com.br\/?p=106482"},"modified":"2018-08-13T20:27:52","modified_gmt":"2018-08-13T23:27:52","slug":"prefeitura-municipal-de-tocantins-no56-03-06-18","status":"publish","type":"post","link":"https:\/\/diarioregionaldigital.com.br\/?p=106482","title":{"rendered":"Prefeitura Municipal de Tocantins n\u00ba56 03\/06\/18"},"content":{"rendered":"<p style=\"text-align: center;\"><strong>VISO DE LICITA\u00c7\u00c3O<\/strong><\/p>\n<p style=\"text-align: center;\"><strong>Licita\u00e7\u00e3o n\u00b0 056\/2018<\/strong><\/p>\n<p style=\"text-align: center;\"><strong>Modalidade de Preg\u00e3o Presencial n\u00b0 044\/2018<\/strong><\/p>\n<p style=\"text-align: center;\">O Munic\u00edpio de Tocantins, na forma da lei, faz saber a todos os interessados que far\u00e1 licita\u00e7\u00e3o na modalidade de preg\u00e3o presencial, tipo menor pre\u00e7o por item, para aquisi\u00e7\u00e3o de material odontol\u00f3gico, em atendimento as necessidades da Secretaria Municipal de Sa\u00fade do Munic\u00edpio de Tocantins\/MG, mediante registro de pre\u00e7os,\u00a0no dia 20\/06\/2018 \u00e0s 08:00 horas na sala da de licita\u00e7\u00f5es, localizada na Av. Padre Mac\u00e1rio, n\u00b0 129, bairro Centro, Munic\u00edpio de TOCANTINS. O edital completo encontra-se a disposi\u00e7\u00e3o dos interessados no endere\u00e7o citado anteriormente, no hor\u00e1rio de expediente de 08:00 \u00e0s 11:00 horas e das 13:00 as 16:00 horas. TOCANTINS, 30 de maio 2018. JANSEN PASCHOALINO ROCHA- PREGOEIRO<\/p>\n","protected":false},"excerpt":{"rendered":"<p>VISO DE LICITA\u00c7\u00c3O Licita\u00e7\u00e3o n\u00b0 056\/2018 Modalidade de Preg\u00e3o Presencial n\u00b0 044\/2018 O Munic\u00edpio de Tocantins, na forma da lei, faz saber a todos os interessados que far\u00e1 licita\u00e7\u00e3o na modalidade de preg\u00e3o presencial, tipo menor pre\u00e7o por item, para aquisi\u00e7\u00e3o de material odontol\u00f3gico, em atendimento as necessidades da Secretaria Municipal de Sa\u00fade do Munic\u00edpio [&hellip;]<\/p>\n","protected":false},"author":96,"featured_media":0,"comment_status":"closed","ping_status":"closed","sticky":false,"template":"","format":"standard","meta":{"footnotes":""},"categories":[307],"tags":[],"class_list":["post-106482","post","type-post","status-publish","format-standard","hentry","category-editais"],"_links":{"self":[{"href":"https:\/\/diarioregionaldigital.com.br\/index.php?rest_route=\/wp\/v2\/posts\/106482","targetHints":{"allow":["GET"]}}],"collection":[{"href":"https:\/\/diarioregionaldigital.com.br\/index.php?rest_route=\/wp\/v2\/posts"}],"about":[{"href":"https:\/\/diarioregionaldigital.com.br\/index.php?rest_route=\/wp\/v2\/types\/post"}],"author":[{"embeddable":true,"href":"https:\/\/diarioregionaldigital.com.br\/index.php?rest_route=\/wp\/v2\/users\/96"}],"replies":[{"embeddable":true,"href":"https:\/\/diarioregionaldigital.com.br\/index.php?rest_route=%2Fwp%2Fv2%2Fcomments&post=106482"}],"version-history":[{"count":0,"href":"https:\/\/diarioregionaldigital.com.br\/index.php?rest_route=\/wp\/v2\/posts\/106482\/revisions"}],"wp:attachment":[{"href":"https:\/\/diarioregionaldigital.com.br\/index.php?rest_route=%2Fwp%2Fv2%2Fmedia&parent=106482"}],"wp:term":[{"taxonomy":"category","embeddable":true,"href":"https:\/\/diarioregionaldigital.com.br\/index.php?rest_route=%2Fwp%2Fv2%2Fcategories&post=106482"},{"taxonomy":"post_tag","embeddable":true,"href":"https:\/\/diarioregionaldigital.com.br\/index.php?rest_route=%2Fwp%2Fv2%2Ftags&post=106482"}],"curies":[{"name":"wp","href":"https:\/\/api.w.org\/{rel}","templated":true}]}}