{"id":106464,"date":"2018-06-03T06:00:10","date_gmt":"2018-06-03T09:00:10","guid":{"rendered":"http:\/\/diarioregionaljf.com.br\/?p=106464"},"modified":"2018-05-30T20:27:47","modified_gmt":"2018-05-30T23:27:47","slug":"106464","status":"publish","type":"post","link":"https:\/\/diarioregionaldigital.com.br\/?p=106464","title":{"rendered":"Na Pauta"},"content":{"rendered":"<p style=\"text-align: center;\"><strong>Solidariedade<\/strong><\/p>\n<p style=\"text-align: center;\">Em comemora\u00e7\u00e3o ao 168\u00ba anivers\u00e1rio de Juiz de Fora, a Santa Casa, a Funda\u00e7\u00e3o Hemominas e os M\u00e9dicos do Barulho promoveram a \u201cII Carreata Solid\u00e1ria \u2013 Doe Sangue Doe Vida\u201d, para conscientizar a popula\u00e7\u00e3o sobre a import\u00e2ncia da doa\u00e7\u00e3o de sangue e incentivar a doa\u00e7\u00e3o em nome da Santa Casa de JF.<\/p>\n<p style=\"text-align: center;\"><strong>Sucesso<\/strong><\/p>\n<p style=\"text-align: center;\">O ator Fl\u00e1vio Fusco, que ap\u00f3s trabalhos no teatro musical, al\u00e9m de participa\u00e7\u00f5es na TV, segue rumo a uma nova empreitada que \u00e9 o canal Web chamado #FuiComFusco, um programa de viagens diferentes, transmitido, e produzido pelo canal Vai Ali. Natural de Muria\u00e9 e formado pela UFJF, o ator com esp\u00edrito cosmopolita j\u00e1 gravou na Tail\u00e2ndia, Chile e Uruguai e o destino certo da terceira temporada ser\u00e1 o Brasil, na regi\u00e3o Centro-Oeste.<\/p>\n<p style=\"text-align: center;\"><strong>Voc\u00ea Sabia?<\/strong><\/p>\n<p style=\"text-align: center;\">Em momento delicado o Twitter decidiu vetar propaganda de pol\u00edticos. \u00c9 uma novidade na campanha, pois o conte\u00fado patrocinado em redes sociais ficar\u00e1 restrito ao Facebook e ao Instagram. O Twitter decidiu fechar as portas para a propaganda eleitoral.<\/p>\n<p style=\"text-align: center;\"><strong>Not\u00edcia<\/strong><\/p>\n<p style=\"text-align: center;\">A Camargo Corr\u00eaa e a Queiroz Galv\u00e3o est\u00e3o buscando compradores para o encrencado Estaleiro Atl\u00e2ntico Sul. Quem se habilita?<\/p>\n<p style=\"text-align: center;\"><strong>Na Pauta<\/strong><\/p>\n<p style=\"text-align: center;\">Arm\u00ednio Fraga vai ficar 100% fora dessa elei\u00e7\u00e3o, mas n\u00e3o do debate das quest\u00f5es nacionais. Est\u00e1 criando um instituto para a formula\u00e7\u00e3o de pol\u00edticas para a sa\u00fade p\u00fablica no Brasil.<\/p>\n<p>&nbsp;<\/p>\n<div id=\"attachment_106434\" style=\"width: 690px\" class=\"wp-caption aligncenter\"><img loading=\"lazy\" decoding=\"async\" aria-describedby=\"caption-attachment-106434\" class=\"wp-image-106434\" src=\"http:\/\/diarioregionaljf.com.br\/wp-content\/uploads\/2018\/05\/fotoa-17-e1527720358780.jpg\" alt=\"\" width=\"680\" height=\"475\" srcset=\"https:\/\/diarioregionaldigital.com.br\/wp-content\/uploads\/2018\/05\/fotoa-17-e1527720358780.jpg 550w, https:\/\/diarioregionaldigital.com.br\/wp-content\/uploads\/2018\/05\/fotoa-17-e1527720358780-300x210.jpg 300w, https:\/\/diarioregionaldigital.com.br\/wp-content\/uploads\/2018\/05\/fotoa-17-e1527720358780-360x251.jpg 360w, https:\/\/diarioregionaldigital.com.br\/wp-content\/uploads\/2018\/05\/fotoa-17-e1527720358780-100x70.jpg 100w\" sizes=\"auto, (max-width: 680px) 100vw, 680px\" \/><p id=\"caption-attachment-106434\" class=\"wp-caption-text\">No Caminho da Ro\u00e7a, em noite alto astral, Marc\u00edlio Gomes, Thays Drummond (aniversariando), Paty Fagundes e Eduardo Gomes<\/p><\/div>\n<div id=\"attachment_106435\" style=\"width: 690px\" class=\"wp-caption aligncenter\"><img loading=\"lazy\" decoding=\"async\" aria-describedby=\"caption-attachment-106435\" class=\"wp-image-106435\" src=\"http:\/\/diarioregionaljf.com.br\/wp-content\/uploads\/2018\/05\/fotob-13-e1527720663611.jpg\" alt=\"\" width=\"680\" height=\"567\" srcset=\"https:\/\/diarioregionaldigital.com.br\/wp-content\/uploads\/2018\/05\/fotob-13-e1527720663611.jpg 720w, https:\/\/diarioregionaldigital.com.br\/wp-content\/uploads\/2018\/05\/fotob-13-e1527720663611-300x250.jpg 300w, https:\/\/diarioregionaldigital.com.br\/wp-content\/uploads\/2018\/05\/fotob-13-e1527720663611-360x300.jpg 360w\" sizes=\"auto, (max-width: 680px) 100vw, 680px\" \/><p id=\"caption-attachment-106435\" class=\"wp-caption-text\">As bonitas empreendedoras da Vag\u00e3o de Pizza, Cl\u00e1udia Matos e Val\u00e9ria Elias<\/p><\/div>\n<div id=\"attachment_106436\" style=\"width: 690px\" class=\"wp-caption aligncenter\"><img loading=\"lazy\" decoding=\"async\" aria-describedby=\"caption-attachment-106436\" class=\"wp-image-106436\" src=\"http:\/\/diarioregionaljf.com.br\/wp-content\/uploads\/2018\/05\/fotoc-14-e1527722114391.jpg\" alt=\"\" width=\"680\" height=\"497\" srcset=\"https:\/\/diarioregionaldigital.com.br\/wp-content\/uploads\/2018\/05\/fotoc-14-e1527722114391.jpg 957w, https:\/\/diarioregionaldigital.com.br\/wp-content\/uploads\/2018\/05\/fotoc-14-e1527722114391-300x219.jpg 300w, https:\/\/diarioregionaldigital.com.br\/wp-content\/uploads\/2018\/05\/fotoc-14-e1527722114391-768x562.jpg 768w, https:\/\/diarioregionaldigital.com.br\/wp-content\/uploads\/2018\/05\/fotoc-14-e1527722114391-360x263.jpg 360w\" sizes=\"auto, (max-width: 680px) 100vw, 680px\" \/><p id=\"caption-attachment-106436\" class=\"wp-caption-text\">A Mulata de Ouro, Celeste de Paula em noite black-white<\/p><\/div>\n<div id=\"attachment_106461\" style=\"width: 690px\" class=\"wp-caption aligncenter\"><img loading=\"lazy\" decoding=\"async\" aria-describedby=\"caption-attachment-106461\" class=\"wp-image-106461\" src=\"http:\/\/diarioregionaljf.com.br\/wp-content\/uploads\/2018\/05\/fotod-20.jpg\" alt=\"\" width=\"680\" height=\"624\" srcset=\"https:\/\/diarioregionaldigital.com.br\/wp-content\/uploads\/2018\/05\/fotod-20.jpg 1170w, https:\/\/diarioregionaldigital.com.br\/wp-content\/uploads\/2018\/05\/fotod-20-300x275.jpg 300w, https:\/\/diarioregionaldigital.com.br\/wp-content\/uploads\/2018\/05\/fotod-20-768x705.jpg 768w, https:\/\/diarioregionaldigital.com.br\/wp-content\/uploads\/2018\/05\/fotod-20-1024x940.jpg 1024w, https:\/\/diarioregionaldigital.com.br\/wp-content\/uploads\/2018\/05\/fotod-20-360x330.jpg 360w\" sizes=\"auto, (max-width: 680px) 100vw, 680px\" \/><p id=\"caption-attachment-106461\" class=\"wp-caption-text\">Na balada da noite juiz-forana Daniel de Mattos e Fl\u00e1vio Meirelles<\/p><\/div>\n<div id=\"attachment_106438\" style=\"width: 690px\" class=\"wp-caption aligncenter\"><img loading=\"lazy\" decoding=\"async\" aria-describedby=\"caption-attachment-106438\" class=\"wp-image-106438\" src=\"http:\/\/diarioregionaljf.com.br\/wp-content\/uploads\/2018\/05\/fotoe-12.jpg\" alt=\"\" width=\"680\" height=\"510\" srcset=\"https:\/\/diarioregionaldigital.com.br\/wp-content\/uploads\/2018\/05\/fotoe-12.jpg 960w, https:\/\/diarioregionaldigital.com.br\/wp-content\/uploads\/2018\/05\/fotoe-12-300x225.jpg 300w, https:\/\/diarioregionaldigital.com.br\/wp-content\/uploads\/2018\/05\/fotoe-12-768x576.jpg 768w, https:\/\/diarioregionaldigital.com.br\/wp-content\/uploads\/2018\/05\/fotoe-12-360x270.jpg 360w\" sizes=\"auto, (max-width: 680px) 100vw, 680px\" \/><p id=\"caption-attachment-106438\" class=\"wp-caption-text\">Na Roda de conversa em S\u00e3o Mateus, o cinegrafista Jeyson Dias, a professora Neuza Marsicano e o jornalista Maur\u00edcio de Oliveira<\/p><\/div>\n<div id=\"attachment_106439\" style=\"width: 690px\" class=\"wp-caption aligncenter\"><img loading=\"lazy\" decoding=\"async\" aria-describedby=\"caption-attachment-106439\" class=\"wp-image-106439\" src=\"http:\/\/diarioregionaljf.com.br\/wp-content\/uploads\/2018\/05\/fotof-17-e1527722551200.jpg\" alt=\"\" width=\"680\" height=\"580\" srcset=\"https:\/\/diarioregionaldigital.com.br\/wp-content\/uploads\/2018\/05\/fotof-17-e1527722551200.jpg 1164w, https:\/\/diarioregionaldigital.com.br\/wp-content\/uploads\/2018\/05\/fotof-17-e1527722551200-300x256.jpg 300w, https:\/\/diarioregionaldigital.com.br\/wp-content\/uploads\/2018\/05\/fotof-17-e1527722551200-768x655.jpg 768w, https:\/\/diarioregionaldigital.com.br\/wp-content\/uploads\/2018\/05\/fotof-17-e1527722551200-1024x873.jpg 1024w, https:\/\/diarioregionaldigital.com.br\/wp-content\/uploads\/2018\/05\/fotof-17-e1527722551200-360x307.jpg 360w\" sizes=\"auto, (max-width: 680px) 100vw, 680px\" \/><p id=\"caption-attachment-106439\" class=\"wp-caption-text\">O inverno Workman do modelo Rom\u00e1rio Rodrigues<\/p><\/div>\n<div id=\"attachment_106440\" style=\"width: 690px\" class=\"wp-caption aligncenter\"><img loading=\"lazy\" decoding=\"async\" aria-describedby=\"caption-attachment-106440\" class=\"wp-image-106440\" src=\"http:\/\/diarioregionaljf.com.br\/wp-content\/uploads\/2018\/05\/fotog-17-e1527722244724.jpg\" alt=\"\" width=\"680\" height=\"548\" srcset=\"https:\/\/diarioregionaldigital.com.br\/wp-content\/uploads\/2018\/05\/fotog-17-e1527722244724.jpg 396w, https:\/\/diarioregionaldigital.com.br\/wp-content\/uploads\/2018\/05\/fotog-17-e1527722244724-300x242.jpg 300w, https:\/\/diarioregionaldigital.com.br\/wp-content\/uploads\/2018\/05\/fotog-17-e1527722244724-360x290.jpg 360w\" sizes=\"auto, (max-width: 680px) 100vw, 680px\" \/><p id=\"caption-attachment-106440\" class=\"wp-caption-text\">No Baile das M\u00e3es no C\u00edrculo Militar, Jorge Destro Macedo, Maria Helena Macedo, Elimar e Antenor Salzer Rodrigues<\/p><\/div>\n<div id=\"attachment_106450\" style=\"width: 690px\" class=\"wp-caption aligncenter\"><img loading=\"lazy\" decoding=\"async\" aria-describedby=\"caption-attachment-106450\" class=\"wp-image-106450\" src=\"http:\/\/diarioregionaljf.com.br\/wp-content\/uploads\/2018\/05\/fotoh-20.jpg\" alt=\"\" width=\"680\" height=\"511\" srcset=\"https:\/\/diarioregionaldigital.com.br\/wp-content\/uploads\/2018\/05\/fotoh-20.jpg 550w, https:\/\/diarioregionaldigital.com.br\/wp-content\/uploads\/2018\/05\/fotoh-20-300x225.jpg 300w, https:\/\/diarioregionaldigital.com.br\/wp-content\/uploads\/2018\/05\/fotoh-20-360x270.jpg 360w\" sizes=\"auto, (max-width: 680px) 100vw, 680px\" \/><p id=\"caption-attachment-106450\" class=\"wp-caption-text\">Comemorando a vida no Restaurante Card\u00e1pio Mineiro, N\u00e1dia Palmiero, Ana e Nicole Goretti, S\u00f4nia Lima<\/p><\/div>\n<div id=\"attachment_106451\" style=\"width: 690px\" class=\"wp-caption aligncenter\"><img loading=\"lazy\" decoding=\"async\" aria-describedby=\"caption-attachment-106451\" class=\"wp-image-106451\" src=\"http:\/\/diarioregionaljf.com.br\/wp-content\/uploads\/2018\/05\/fotoi-18.jpg\" alt=\"\" width=\"680\" height=\"453\" srcset=\"https:\/\/diarioregionaldigital.com.br\/wp-content\/uploads\/2018\/05\/fotoi-18.jpg 3326w, https:\/\/diarioregionaldigital.com.br\/wp-content\/uploads\/2018\/05\/fotoi-18-300x200.jpg 300w, https:\/\/diarioregionaldigital.com.br\/wp-content\/uploads\/2018\/05\/fotoi-18-768x512.jpg 768w, https:\/\/diarioregionaldigital.com.br\/wp-content\/uploads\/2018\/05\/fotoi-18-1024x683.jpg 1024w, https:\/\/diarioregionaldigital.com.br\/wp-content\/uploads\/2018\/05\/fotoi-18-360x240.jpg 360w\" sizes=\"auto, (max-width: 680px) 100vw, 680px\" \/><p id=\"caption-attachment-106451\" class=\"wp-caption-text\">No MHall, as elegantes Madalena Sotto Maior e Jane Arag\u00e3o<\/p><\/div>\n<div id=\"attachment_106443\" style=\"width: 690px\" class=\"wp-caption aligncenter\"><img loading=\"lazy\" decoding=\"async\" aria-describedby=\"caption-attachment-106443\" class=\"wp-image-106443\" src=\"http:\/\/diarioregionaljf.com.br\/wp-content\/uploads\/2018\/05\/fotoj-15-e1527722209247.jpg\" alt=\"\" width=\"680\" height=\"631\" srcset=\"https:\/\/diarioregionaldigital.com.br\/wp-content\/uploads\/2018\/05\/fotoj-15-e1527722209247.jpg 666w, https:\/\/diarioregionaldigital.com.br\/wp-content\/uploads\/2018\/05\/fotoj-15-e1527722209247-300x278.jpg 300w, https:\/\/diarioregionaldigital.com.br\/wp-content\/uploads\/2018\/05\/fotoj-15-e1527722209247-360x334.jpg 360w\" sizes=\"auto, (max-width: 680px) 100vw, 680px\" \/><p id=\"caption-attachment-106443\" class=\"wp-caption-text\">A deslumbrante Emilainy Werneck em produ\u00e7\u00e3o de touca e cachecol em tric\u00f4 para by Candy. O luxo<\/p><\/div>\n<p style=\"text-align: center;\">FOTOSS\u00cdNTESE<\/p>\n<p>Alerta: Os hospitais filantr\u00f3picos de Juiz de Fora sofrem com a redu\u00e7\u00e3o de estoque de rem\u00e9dios, suprimentos e alimentos que est\u00e3o escassos. A coluna solicita \u00e0 popula\u00e7\u00e3o de Juiz de Fora uma ajuda urgente, pois at\u00e9 o transporte de pacientes tamb\u00e9m est\u00e1 comprometido.<\/p>\n<p>P\u00e2nico: a greve dos caminhoneiros teve uma imensa rea\u00e7\u00e3o em cadeia. Por conta da barreira nas estradas o impacto foi no setor l\u00e1cteo, supermercados, Ceasa, feiras, motoboys, Uber, t\u00e1xis e ind\u00fastrias. Com a palavra o governo.<\/p>\n<p>Para musicalizar o Cine-Theatro Central, o dia 8 de junho foi reservado para o cantor Lenine com o show em tr\u00e2nsito, a partir das 21h30.<\/p>\n<p>No Clube Cascatinha, dia 9, de 14h \u00e0s 22h, acontece, o 5\u00ba Arrai\u00e1 Beneficente da Ascomcer. Haver\u00e1 muita divers\u00e3o, comidas e bebidas t\u00edpicas, quadrilha, brincadeiras e shows com Ranyere, Renan &amp; Cristiano, Forrutz, Fuxico e Xaveco, Quadrilha Trombone e DJ Kalango.<\/p>\n<p>Guiados pelo professor Wanderson Zambelli e pelo coordenador Tiago Rom\u00e3o oito alunos da Academia participaram do Campeonato de Gin\u00e1stica de Trampolin, em Ouro Preto.<\/p>\n<p>Uma nova data vai ser agendada para a apresenta\u00e7\u00e3o do espet\u00e1culo carioca de Stand Up Comedy \u201cCrime desorganizado\u201d no Teatro Solar do Grupo Os Cariocas. O cancelamento foi a greve dos caminhoneiros.<\/p>\n<p>Para o dia 3 de junho, \u00e0s 19h, o Bar da F\u00e1brica apresenta o show da dupla Fabr\u00edcio &amp; Gabriel.<\/p>\n<p>Pesquisa: Este colunista indica que a melhor coxinha da cidade \u00e9 a da Pipita. Os sabores s\u00e3o de camar\u00e3o e frango com ou sem catupiry. Ponto para M\u00f4nica e Ricardo Resende.<\/p>\n<p>A din\u00e2mica Andr\u00e9a est\u00e1 mobilizando a loja Arte do Vestu\u00e1rio, com confec\u00e7\u00e3o em malha, pequenos consertos (bainha-z\u00edperes, remendos). Para conferir ligue: 99915-0329.<\/p>\n<p>Passando para lembrar: Namorar continua sendo saud\u00e1vel e normal ap\u00f3s os 50 anos. A idade n\u00e3o conta, afinal, viver n\u00e3o \u00e9 uma exclusividade da juventude. Bom dia!<\/p>\n","protected":false},"excerpt":{"rendered":"<p>Solidariedade Em comemora\u00e7\u00e3o ao 168\u00ba anivers\u00e1rio de Juiz de Fora, a Santa Casa, a Funda\u00e7\u00e3o Hemominas e os M\u00e9dicos do Barulho promoveram a \u201cII Carreata Solid\u00e1ria \u2013 Doe Sangue Doe Vida\u201d, para conscientizar a popula\u00e7\u00e3o sobre a import\u00e2ncia da doa\u00e7\u00e3o de sangue e incentivar a doa\u00e7\u00e3o em nome da Santa Casa de JF. Sucesso O [&hellip;]<\/p>\n","protected":false},"author":96,"featured_media":106434,"comment_status":"closed","ping_status":"closed","sticky":false,"template":"","format":"standard","meta":{"footnotes":""},"categories":[264],"tags":[],"class_list":["post-106464","post","type-post","status-publish","format-standard","has-post-thumbnail","hentry","category-eduardo-gomes"],"_links":{"self":[{"href":"https:\/\/diarioregionaldigital.com.br\/index.php?rest_route=\/wp\/v2\/posts\/106464","targetHints":{"allow":["GET"]}}],"collection":[{"href":"https:\/\/diarioregionaldigital.com.br\/index.php?rest_route=\/wp\/v2\/posts"}],"about":[{"href":"https:\/\/diarioregionaldigital.com.br\/index.php?rest_route=\/wp\/v2\/types\/post"}],"author":[{"embeddable":true,"href":"https:\/\/diarioregionaldigital.com.br\/index.php?rest_route=\/wp\/v2\/users\/96"}],"replies":[{"embeddable":true,"href":"https:\/\/diarioregionaldigital.com.br\/index.php?rest_route=%2Fwp%2Fv2%2Fcomments&post=106464"}],"version-history":[{"count":0,"href":"https:\/\/diarioregionaldigital.com.br\/index.php?rest_route=\/wp\/v2\/posts\/106464\/revisions"}],"wp:featuredmedia":[{"embeddable":true,"href":"https:\/\/diarioregionaldigital.com.br\/index.php?rest_route=\/wp\/v2\/media\/106434"}],"wp:attachment":[{"href":"https:\/\/diarioregionaldigital.com.br\/index.php?rest_route=%2Fwp%2Fv2%2Fmedia&parent=106464"}],"wp:term":[{"taxonomy":"category","embeddable":true,"href":"https:\/\/diarioregionaldigital.com.br\/index.php?rest_route=%2Fwp%2Fv2%2Fcategories&post=106464"},{"taxonomy":"post_tag","embeddable":true,"href":"https:\/\/diarioregionaldigital.com.br\/index.php?rest_route=%2Fwp%2Fv2%2Ftags&post=106464"}],"curies":[{"name":"wp","href":"https:\/\/api.w.org\/{rel}","templated":true}]}}