{"id":106427,"date":"2018-05-30T18:47:01","date_gmt":"2018-05-30T21:47:01","guid":{"rendered":"http:\/\/diarioregionaljf.com.br\/?p=106427"},"modified":"2018-05-30T18:47:01","modified_gmt":"2018-05-30T21:47:01","slug":"prefeitura-amplia-fiscalizacao-durante-o-feriado-prolongado","status":"publish","type":"post","link":"https:\/\/diarioregionaldigital.com.br\/?p=106427","title":{"rendered":"Prefeitura amplia fiscaliza\u00e7\u00e3o durante o feriado prolongado"},"content":{"rendered":"<p>A Prefeitura de Juiz de Fora vai manter um plant\u00e3o especial da for\u00e7a tarefa de fiscaliza\u00e7\u00e3o &#8211; formada pelo Procon, fiscais de posturas da Secretaria de Atividades Urbanas, Guarda Municipal e Vigil\u00e2ncia Sanit\u00e1ria &#8211; neste feriado de Corpus Christi, no ponto facultativo de sexta-feira, 1\u00b0 de junho, e durante o fim de semana, para o atendimento de den\u00fancias contra a pr\u00e1tica abusiva na rela\u00e7\u00e3o de consumo de combust\u00edvel e g\u00eaneros de primeira necessidade. A decis\u00e3o foi anunciada na reuni\u00e3o de gerenciamento de crise, coordenada pelo prefeito Ant\u00f4nio Almas, nessa quarta-feira, 30.<\/p>\n<p>O comit\u00ea continua em reuni\u00e3o permanente diariamente para garantir a ado\u00e7\u00e3o de medidas que contribuam para a solu\u00e7\u00e3o deste cen\u00e1rio de restabelecimento da normalidade. Neste momento em que o reabastecimento de combust\u00edveis, g\u00eaneros aliment\u00edcios e de itens essenciais come\u00e7a a ser feito em Juiz de Fora, a for\u00e7a-tarefa, que re\u00fane ainda as demais for\u00e7as de seguran\u00e7a, tem garantido que os produtos cheguem cada vez mais a um n\u00famero maior da popula\u00e7\u00e3o e tamb\u00e9m que haja o cumprimento do decreto de situa\u00e7\u00e3o de emerg\u00eancia editado na \u00faltima segunda-feira, 21, que determina o limite de 20 litros di\u00e1rios de combust\u00edvel por ve\u00edculo e comercializa\u00e7\u00e3o de um botij\u00e3o de g\u00e1s de cozinha por unidade residencial, al\u00e9m da prioriza\u00e7\u00e3o do abastecimento para servi\u00e7os essenciais.<\/p>\n<p>At\u00e9 o final desta tarde, o Procon registrou 240 den\u00fancias de pr\u00e1tica abusiva, em sua maioria, relacionadas ao consumo de combust\u00edvel. Servidores do \u00f3rg\u00e3o refor\u00e7ar\u00e3o o atendimento nesta quinta e sexta-feira, das 8h \u00e0s 12h e das 14h \u00e0s 18h, para garantir total apoio aos cidad\u00e3os que se sentirem prejudicados neste per\u00edodo de restabelecimento dos estoques de combust\u00edvel e g\u00e1s de cozinha no munic\u00edpio.<\/p>\n<p>&nbsp;<\/p>\n<p>Fonte: Assessoria<\/p>\n","protected":false},"excerpt":{"rendered":"<p>A Prefeitura de Juiz de Fora vai manter um plant\u00e3o especial da for\u00e7a tarefa de fiscaliza\u00e7\u00e3o &#8211; formada pelo Procon, fiscais de posturas da Secretaria de Atividades Urbanas, Guarda Municipal e Vigil\u00e2ncia Sanit\u00e1ria &#8211; neste feriado de Corpus Christi, no ponto facultativo de sexta-feira, 1\u00b0 de junho, e durante o fim de semana, para o [&hellip;]<\/p>\n","protected":false},"author":96,"featured_media":106429,"comment_status":"closed","ping_status":"closed","sticky":false,"template":"","format":"standard","meta":{"footnotes":""},"categories":[253,440,439],"tags":[],"class_list":["post-106427","post","type-post","status-publish","format-standard","has-post-thumbnail","hentry","category-cidade","category-destaques-do-dia","category-ultima-hora"],"_links":{"self":[{"href":"https:\/\/diarioregionaldigital.com.br\/index.php?rest_route=\/wp\/v2\/posts\/106427","targetHints":{"allow":["GET"]}}],"collection":[{"href":"https:\/\/diarioregionaldigital.com.br\/index.php?rest_route=\/wp\/v2\/posts"}],"about":[{"href":"https:\/\/diarioregionaldigital.com.br\/index.php?rest_route=\/wp\/v2\/types\/post"}],"author":[{"embeddable":true,"href":"https:\/\/diarioregionaldigital.com.br\/index.php?rest_route=\/wp\/v2\/users\/96"}],"replies":[{"embeddable":true,"href":"https:\/\/diarioregionaldigital.com.br\/index.php?rest_route=%2Fwp%2Fv2%2Fcomments&post=106427"}],"version-history":[{"count":0,"href":"https:\/\/diarioregionaldigital.com.br\/index.php?rest_route=\/wp\/v2\/posts\/106427\/revisions"}],"wp:featuredmedia":[{"embeddable":true,"href":"https:\/\/diarioregionaldigital.com.br\/index.php?rest_route=\/wp\/v2\/media\/106429"}],"wp:attachment":[{"href":"https:\/\/diarioregionaldigital.com.br\/index.php?rest_route=%2Fwp%2Fv2%2Fmedia&parent=106427"}],"wp:term":[{"taxonomy":"category","embeddable":true,"href":"https:\/\/diarioregionaldigital.com.br\/index.php?rest_route=%2Fwp%2Fv2%2Fcategories&post=106427"},{"taxonomy":"post_tag","embeddable":true,"href":"https:\/\/diarioregionaldigital.com.br\/index.php?rest_route=%2Fwp%2Fv2%2Ftags&post=106427"}],"curies":[{"name":"wp","href":"https:\/\/api.w.org\/{rel}","templated":true}]}}