{"id":106414,"date":"2018-05-30T18:40:45","date_gmt":"2018-05-30T21:40:45","guid":{"rendered":"http:\/\/diarioregionaljf.com.br\/?p=106414"},"modified":"2018-05-30T19:25:09","modified_gmt":"2018-05-30T22:25:09","slug":"novo-comboio-deve-retornar-a-jf-nesta-quinta-feira","status":"publish","type":"post","link":"https:\/\/diarioregionaldigital.com.br\/?p=106414","title":{"rendered":"Novo comboio deve retornar a JF nesta quinta-feira"},"content":{"rendered":"<p>Mais de 70 caminh\u00f5es deixaram Juiz de Fora na tarde dessa quarta-feira, 30, em dire\u00e7\u00e3o \u00e0 Refinaria de Duque de Caxias, no estado do Rio de Janeiro, em comboio escoltado pelo Ex\u00e9rcito. A expectativa \u00e9 que o retorno aconte\u00e7a na madrugada desta quinta-feira, 31, para refor\u00e7ar o abastecimento de combust\u00edveis, g\u00e1s de cozinha e alimentos para toda a popula\u00e7\u00e3o de Juiz de Fora.<\/p>\n<p>Durante reuni\u00e3o do comit\u00ea de gerenciamento de crise, a administra\u00e7\u00e3o municipal definiu o funcionamento dos servi\u00e7os p\u00fablicos nos pr\u00f3ximos dias.<\/p>\n<p style=\"text-align: center;\"><em>Confira abaixo como ficam os servi\u00e7os neste per\u00edodo:<\/em><\/p>\n<p><strong>LIMPEZA URBANA<\/strong><br \/>\nO Departamento de Limpeza Urbana (Demlurb) anunciou que deslocar\u00e1 quatro caminh\u00f5es coletores nesta quinta-feira, 31, para atendimento \u00e0 Zona Rural de Juiz de Fora. Ser\u00e3o atendidos as comunidades de Graminha, Parque Samambaia, Usina do Zoazal, Estrada Uni\u00e3o Ind\u00fastria, Granjas Bethel, Parque das Palmeiras, Pedras Preciosas, Fortaleza, Caet\u00e9, Sarandira, Niter\u00f3i, Granjas Santo Ant\u00f4nio, Condom\u00ednio, Caracol, Igrejinha, Vila S\u00e3o Jos\u00e9, Cachoerinha, Estrada de Humait\u00e1, Ros\u00e1rio, Valadares, Toledo, Penido, Jacutinga, Pires e Privil\u00e9gio. A coleta de lixo na \u00e1rea urbana n\u00e3o ocorrer\u00e1 nesta quinta-feira, retornando \u00e0 normalidade na sexta-feira, 1\u00ba de junho.<\/p>\n<p><strong>TRATAMENTO DE \u00c1GUA E ATERRO SANIT\u00c1RIO<\/strong><br \/>\nA prote\u00e7\u00e3o ao meio ambiente tamb\u00e9m tem sido destacada nas reuni\u00f5es do comit\u00ea de gerenciamento de crise. A previs\u00e3o \u00e9 que ainda nessa quarta-feira cheguem carretas com materiais qu\u00edmicos para tratamento de \u00e1gua e do aterro sanit\u00e1rio da cidade.<\/p>\n<p><strong>RESTAURANTE POPULAR<\/strong><br \/>\nN\u00e3o funciona no feriado. Retoma o atendimento normal na sexta-feira.<\/p>\n<p><strong>SA\u00daDE<\/strong><br \/>\nDurante o feriado, haver\u00e1 expediente normal nas unidades de Pronto Atendimento (UPAs) dos bairros S\u00e3o Pedro, Santa Luzia e Benfica, e de Urg\u00eancia e Emerg\u00eancia (Regional Leste); no Pronto Atendimento Infantil (PAI); no Servi\u00e7o de Atendimento M\u00f3vel de Sa\u00fade (Samu); e no Hospital Pronto Socorro (HPS). As unidades b\u00e1sicas de sa\u00fade (UBSs), Farm\u00e1cia Central e os departamentos da Crian\u00e7a e do Adolescente, Idoso e Mulher retomam as atividades na segunda-feira, 4.<\/p>\n<p><strong>EDUCA\u00c7\u00c3O<\/strong><br \/>\nAs aulas seguem suspensas esta semana. Novas avalia\u00e7\u00f5es ser\u00e3o feitas nos pr\u00f3ximos dias a fim de definir o funcionamento para a pr\u00f3xima semana.<\/p>\n<p><strong>TRANSPORTE URBANO<\/strong><br \/>\nNesta quinta-feira, o servi\u00e7o de transporte coletivo mant\u00e9m o quadro de hor\u00e1rios de domingo, com redu\u00e7\u00e3o no entrepico e frota normal no hor\u00e1rio de pico. No entanto, os cons\u00f3rcios est\u00e3o refor\u00e7ando hor\u00e1rios e linhas em que foram identificadas alta demanda. Este esquema de opera\u00e7\u00e3o visa garantir o transporte coletivo at\u00e9 alcan\u00e7ar um n\u00edvel de seguran\u00e7a nos estoques. A opera\u00e7\u00e3o tem sido monitorada diariamente para garantir o atendimento aos usu\u00e1rios, o que tamb\u00e9m ser\u00e1 feito no feriado.<\/p>\n<p><strong>FROTA OFICIAL<\/strong><br \/>\nOs ve\u00edculos oficiais est\u00e3o abastecidos, seguindo a orienta\u00e7\u00e3o de racionaliza\u00e7\u00e3o de uso determinada pelo decreto.<\/p>\n<p><strong>SAL\u00c1RIO DO FUNCIONALISMO<\/strong><br \/>\nMesmo com a opera\u00e7\u00e3o em hor\u00e1rio reduzido no funcionalismo p\u00fablico em fun\u00e7\u00e3o do decreto de emerg\u00eancia editado na segunda-feira, todos os esfor\u00e7os foram feitos pelas equipes internas que viabilizaram o pagamento dos servidores da PJF normalmente nesta quarta-feira, 30, \u00faltimo dia \u00fatil do m\u00eas.<\/p>\n<p>&nbsp;<\/p>\n<p>Fonte: Assessoria<\/p>\n","protected":false},"excerpt":{"rendered":"<p>Mais de 70 caminh\u00f5es deixaram Juiz de Fora na tarde dessa quarta-feira, 30, em dire\u00e7\u00e3o \u00e0 Refinaria de Duque de Caxias, no estado do Rio de Janeiro, em comboio escoltado pelo Ex\u00e9rcito. A expectativa \u00e9 que o retorno aconte\u00e7a na madrugada desta quinta-feira, 31, para refor\u00e7ar o abastecimento de combust\u00edveis, g\u00e1s de cozinha e alimentos [&hellip;]<\/p>\n","protected":false},"author":96,"featured_media":106425,"comment_status":"closed","ping_status":"closed","sticky":false,"template":"","format":"standard","meta":{"footnotes":""},"categories":[253,440,439],"tags":[],"class_list":["post-106414","post","type-post","status-publish","format-standard","has-post-thumbnail","hentry","category-cidade","category-destaques-do-dia","category-ultima-hora"],"_links":{"self":[{"href":"https:\/\/diarioregionaldigital.com.br\/index.php?rest_route=\/wp\/v2\/posts\/106414","targetHints":{"allow":["GET"]}}],"collection":[{"href":"https:\/\/diarioregionaldigital.com.br\/index.php?rest_route=\/wp\/v2\/posts"}],"about":[{"href":"https:\/\/diarioregionaldigital.com.br\/index.php?rest_route=\/wp\/v2\/types\/post"}],"author":[{"embeddable":true,"href":"https:\/\/diarioregionaldigital.com.br\/index.php?rest_route=\/wp\/v2\/users\/96"}],"replies":[{"embeddable":true,"href":"https:\/\/diarioregionaldigital.com.br\/index.php?rest_route=%2Fwp%2Fv2%2Fcomments&post=106414"}],"version-history":[{"count":0,"href":"https:\/\/diarioregionaldigital.com.br\/index.php?rest_route=\/wp\/v2\/posts\/106414\/revisions"}],"wp:featuredmedia":[{"embeddable":true,"href":"https:\/\/diarioregionaldigital.com.br\/index.php?rest_route=\/wp\/v2\/media\/106425"}],"wp:attachment":[{"href":"https:\/\/diarioregionaldigital.com.br\/index.php?rest_route=%2Fwp%2Fv2%2Fmedia&parent=106414"}],"wp:term":[{"taxonomy":"category","embeddable":true,"href":"https:\/\/diarioregionaldigital.com.br\/index.php?rest_route=%2Fwp%2Fv2%2Fcategories&post=106414"},{"taxonomy":"post_tag","embeddable":true,"href":"https:\/\/diarioregionaldigital.com.br\/index.php?rest_route=%2Fwp%2Fv2%2Ftags&post=106414"}],"curies":[{"name":"wp","href":"https:\/\/api.w.org\/{rel}","templated":true}]}}