{"id":106405,"date":"2018-06-03T06:00:23","date_gmt":"2018-06-03T09:00:23","guid":{"rendered":"http:\/\/diarioregionaljf.com.br\/?p=106405"},"modified":"2018-05-30T18:32:10","modified_gmt":"2018-05-30T21:32:10","slug":"pequeno-dicionario-de-arquitetures","status":"publish","type":"post","link":"https:\/\/diarioregionaldigital.com.br\/?p=106405","title":{"rendered":"PEQUENO DICION\u00c1RIO DE ARQUITETUR\u00caS"},"content":{"rendered":"<p>Todas as profiss\u00f5es t\u00eam seus jarg\u00f5es espec\u00edficos, assim, por exemplo:\u00a0Atendente de telemarketing n\u00e3o pede, mas \u201cvai poder estar pedindo\u201d.\u00a0Agentes de seguran\u00e7a n\u00e3o dizem sim, mas \u201cpositivo e operante\u201d.nM\u00e9dico n\u00e3o tem dor de cabe\u00e7a, mas cefaleia.<\/p>\n<p>Imagino que os arquitetos, para n\u00e3o ficarem para tr\u00e1s, tamb\u00e9m produziram as suas express\u00f5es pr\u00f3prias, jarg\u00f5es como: criando contraste, cores dialogando, espa\u00e7o gourmet, p\u00e9 direito duplo, hall de distribui\u00e7\u00e3o, quarto aconchegante e funcional\u2026<\/p>\n<p style=\"text-align: center;\"><span style=\"font-size: 18pt;\"><strong>Mas o que significa tudo isso?<\/strong><\/span><\/p>\n<p>Para n\u00e3o ficarmos com cefaleia tentando decifrar esse impenetr\u00e1vel dialeto dos\u00a0arquitetos, \u201cvou estar traduzindo\u201d alguns desses jarg\u00f5es para entendermos melhor cada um deles. \u201cPositivo, operante\u201d?<\/p>\n<p>Entretanto,\u00a0antes de entrarmos efetivamente nesse pequeno dicion\u00e1rio de\u00a0\u201carquitetur\u00eas\u201d, vale lembrar que mais importante do que o entendimento sem\u00e2ntico das palavras, \u00e9 permitir que haja um bom di\u00e1logo entre cliente x arquiteto. Di\u00e1logo entre os seus sonhos e o poder de compreens\u00e3o deles pelo profissional, que deve saber traduzi-los em elementos concretos atrav\u00e9s de um bom projeto.<\/p>\n<p style=\"text-align: left;\"><strong>CRIANDO UM CONTRASTASTE:<\/strong> termo usado quando quer se evitar que um ambiente fique com as cores e formas muito \u201ccombinadinhas\u201d ou mon\u00f3tonas. \u00c9 quando se ajustam, harmonicamente,\u00a0elementos verticais com horizontais, claros com escuros, leves com pesados&#8230; (ou quando n\u00e3o se conseguiu combinar bem as coisas e a\u00ed a sa\u00edda \u00e9 falar que a inten\u00e7\u00e3o foi \u201ccriar um contraste\u201d);<\/p>\n<p><img loading=\"lazy\" decoding=\"async\" class=\"size-full wp-image-106406 aligncenter\" src=\"http:\/\/diarioregionaljf.com.br\/wp-content\/uploads\/2018\/05\/cor.bmp\" alt=\"\" width=\"404\" height=\"339\" srcset=\"https:\/\/diarioregionaldigital.com.br\/wp-content\/uploads\/2018\/05\/cor.bmp 404w, https:\/\/diarioregionaldigital.com.br\/wp-content\/uploads\/2018\/05\/cor-300x252.bmp 300w, https:\/\/diarioregionaldigital.com.br\/wp-content\/uploads\/2018\/05\/cor-360x302.bmp 360w\" sizes=\"auto, (max-width: 404px) 100vw, 404px\" \/><\/p>\n<hr \/>\n<p><strong>CORES DIALOGANDO:<\/strong> n\u00e3o precisa se preocupar achando que as cores realmente ficam batendo papo quando ningu\u00e9m est\u00e1 olhando. At\u00e9 porque fico imaginando que conversa uma cor poderia ter com a outra&#8230;<\/p>\n<p>\u2013 E a\u00ed, tudo azul? \u2013 perguntaria o marrom.<\/p>\n<p>\u2013 Ah&#8230; com essa crise por a\u00ed t\u00e1 tudo \u201cmarrom menos\u201d \u2013 responderia o melanc\u00f3lico azul. A express\u00e3o \u201ccores dialogando\u201d n\u00e3o tem nada a ver com esse suposto papo, mas \u00e9 utilizada quando os tons de um ambiente s\u00e3o parecidos, diferenciando-se apenas em pequenas nuances.<\/p>\n<p><img loading=\"lazy\" decoding=\"async\" class=\"size-full wp-image-106407 aligncenter\" src=\"http:\/\/diarioregionaljf.com.br\/wp-content\/uploads\/2018\/05\/cordialogo.jpg\" alt=\"\" width=\"404\" height=\"402\" srcset=\"https:\/\/diarioregionaldigital.com.br\/wp-content\/uploads\/2018\/05\/cordialogo.jpg 404w, https:\/\/diarioregionaldigital.com.br\/wp-content\/uploads\/2018\/05\/cordialogo-150x150.jpg 150w, https:\/\/diarioregionaldigital.com.br\/wp-content\/uploads\/2018\/05\/cordialogo-300x300.jpg 300w, https:\/\/diarioregionaldigital.com.br\/wp-content\/uploads\/2018\/05\/cordialogo-180x180.jpg 180w, https:\/\/diarioregionaldigital.com.br\/wp-content\/uploads\/2018\/05\/cordialogo-120x120.jpg 120w, https:\/\/diarioregionaldigital.com.br\/wp-content\/uploads\/2018\/05\/cordialogo-360x358.jpg 360w, https:\/\/diarioregionaldigital.com.br\/wp-content\/uploads\/2018\/05\/cordialogo-80x80.jpg 80w\" sizes=\"auto, (max-width: 404px) 100vw, 404px\" \/><\/p>\n<hr \/>\n<p style=\"text-align: left;\"><strong>ESPA\u00c7O GOURMET:<\/strong> muito conhecida pelos mais brutos como \u201ccantinho do guerreiro\u201d, o espa\u00e7o gourmet pode ser visto tamb\u00e9m como uma denomina\u00e7\u00e3o glamourosa para o espa\u00e7o da churrasqueira. Independente do nome dado, o espa\u00e7o gourmet tem sido cada vez mais\u00a0utilizado nos empreendimentos imobili\u00e1rios como uma \u00e1rea de conviv\u00eancia social e informal da casa. Um espa\u00e7o onde se encontra churrasqueira, pia, mesa&#8230; que permite ao usu\u00e1rio ter uma estrutura de \u201cfim de semana\u201d dentro de sua casa, cotidianamente. \u00c9 uma \u201cilha de descompress\u00e3o\u201d para o estresse do dia a dia.<\/p>\n<div id=\"attachment_106408\" style=\"width: 392px\" class=\"wp-caption aligncenter\"><img loading=\"lazy\" decoding=\"async\" aria-describedby=\"caption-attachment-106408\" class=\"size-full wp-image-106408\" src=\"http:\/\/diarioregionaljf.com.br\/wp-content\/uploads\/2018\/05\/espacogoumert.jpg\" alt=\"\" width=\"382\" height=\"253\" srcset=\"https:\/\/diarioregionaldigital.com.br\/wp-content\/uploads\/2018\/05\/espacogoumert.jpg 382w, https:\/\/diarioregionaldigital.com.br\/wp-content\/uploads\/2018\/05\/espacogoumert-300x199.jpg 300w, https:\/\/diarioregionaldigital.com.br\/wp-content\/uploads\/2018\/05\/espacogoumert-360x238.jpg 360w\" sizes=\"auto, (max-width: 382px) 100vw, 382px\" \/><p id=\"caption-attachment-106408\" class=\"wp-caption-text\">IMAGEM: novolar.com.br<\/p><\/div>\n<hr \/>\n<p><strong>P\u00c9 DIREITO:<\/strong> express\u00e3o que designa a altura que existe entre o piso e o teto. Ambientes com p\u00e9 direito muito baixo geram sensa\u00e7\u00e3o de claustro e tendem a acumular mais calor. P\u00e9s direitos mais altos deixam ambientes mais arejados e amplos, mas podem criar sensa\u00e7\u00e3o de falta de aconchego. A altura ideal leva em considera\u00e7\u00e3o fatores como uso do espa\u00e7o, \u00e1rea do ambiente, economia na constru\u00e7\u00e3o.<\/p>\n<p><strong>P\u00c9 DIREITO DUPLO:<\/strong> nada a ver com o Curupira ou com um de seus parentes distantes. P\u00e9 direito duplo designa apenas um teto que tem o dobro da altura normal. Geralmente possibilitam a cria\u00e7\u00e3o de mezaninos e belos espa\u00e7os integrados.<\/p>\n<p><strong>HALL DE DISTRIBUI\u00c7\u00c3O:<\/strong> se originalmente \u201chall\u201d era uma palavra utilizada para designar um \u201csagu\u00e3o ou sala de\u00a0entrada de grandes dimens\u00f5es\u201d, atualmente, o \u201chall de distribui\u00e7\u00e3o\u201d \u00e9 simplesmente um nome glamouroso para o corredor que d\u00e1 acesso aos quartos. A primeira vez que ouvi essa express\u00e3o foi de um corretor que pouco antes de chegarmos nesse ambiente, criou um clima, anunciando:<\/p>\n<p>\u2013 Agora vamos entrar no hall de dis-tri-bu-i-\u00e7\u00e3aao! (com eco no \u201c\u00e3o\u201d)<br \/>\nFalou com tanta impon\u00eancia que at\u00e9 dei uma ajeitada no cabelo antes de entrar no supostamente t\u00e3o suntuoso espa\u00e7o.<\/p>\n<p>Qual foi minha frustra\u00e7\u00e3o ao constatar que se tratava, na verdade, de um corredor de um metro quadrado que dava para dois quartos e um banheiro.<\/p>\n<p>E por falar nisso, esse \u201chall de distribui\u00e7\u00e3o\u201d n\u00e3o ligava a lugares quaisquer, mas, sim, a quartos \u201caconchegantes e funcionais\u201d.<\/p>\n<div id=\"attachment_106409\" style=\"width: 572px\" class=\"wp-caption aligncenter\"><img loading=\"lazy\" decoding=\"async\" aria-describedby=\"caption-attachment-106409\" class=\"size-full wp-image-106409\" src=\"http:\/\/diarioregionaljf.com.br\/wp-content\/uploads\/2018\/05\/pedireito.jpg\" alt=\"\" width=\"562\" height=\"264\" srcset=\"https:\/\/diarioregionaldigital.com.br\/wp-content\/uploads\/2018\/05\/pedireito.jpg 562w, https:\/\/diarioregionaldigital.com.br\/wp-content\/uploads\/2018\/05\/pedireito-300x141.jpg 300w, https:\/\/diarioregionaldigital.com.br\/wp-content\/uploads\/2018\/05\/pedireito-360x169.jpg 360w\" sizes=\"auto, (max-width: 562px) 100vw, 562px\" \/><p id=\"caption-attachment-106409\" class=\"wp-caption-text\">IMAGEM: arquiteturaempauta.wordpress.com<\/p><\/div>\n<hr \/>\n<p><strong>ACONCHEGANTE E FUNCIONAL:<\/strong> essas duas palavras s\u00e3o um perigo&#8230; juntas podem querer dizer que o espa\u00e7o \u00e9 pequeno&#8230; pra caramba. Mas podem tamb\u00e9m querer dizer que o ambiente, apesar de pequeno, foi pensado para atender a todas \u00e0s necessidades funcionais, aproveitando bem o espa\u00e7o com mobili\u00e1rios, por exemplo.<\/p>\n<div id=\"attachment_106410\" style=\"width: 548px\" class=\"wp-caption aligncenter\"><img loading=\"lazy\" decoding=\"async\" aria-describedby=\"caption-attachment-106410\" class=\"size-full wp-image-106410\" src=\"http:\/\/diarioregionaljf.com.br\/wp-content\/uploads\/2018\/05\/aconchegante.jpg\" alt=\"\" width=\"538\" height=\"302\" srcset=\"https:\/\/diarioregionaldigital.com.br\/wp-content\/uploads\/2018\/05\/aconchegante.jpg 538w, https:\/\/diarioregionaldigital.com.br\/wp-content\/uploads\/2018\/05\/aconchegante-300x168.jpg 300w, https:\/\/diarioregionaldigital.com.br\/wp-content\/uploads\/2018\/05\/aconchegante-360x202.jpg 360w\" sizes=\"auto, (max-width: 538px) 100vw, 538px\" \/><p id=\"caption-attachment-106410\" class=\"wp-caption-text\">IMAGEM: yandex.ru<\/p><\/div>\n<hr \/>\n<p><strong>TELHADO\u00a0VERDE:<\/strong> n\u00e3o tem nenhuma rela\u00e7\u00e3o com pintar o telhado com tinta verde. Telhados verdes s\u00e3o aquelas coberturas feitas com algum tipo de vegeta\u00e7\u00e3o, hortas ou gramados. Permitem,\u00a0entre outros benef\u00edcios, equilibrar a temperatura dentro das casas, diminuir as ilhas de calor nos bairros onde est\u00e3o implantadas, reduzir a quantidade de \u00e1gua que vai normalmente direto para os sistemas de capta\u00e7\u00e3o pluvial.<\/p>\n<div id=\"attachment_106412\" style=\"width: 581px\" class=\"wp-caption aligncenter\"><img loading=\"lazy\" decoding=\"async\" aria-describedby=\"caption-attachment-106412\" class=\"size-full wp-image-106412\" src=\"http:\/\/diarioregionaljf.com.br\/wp-content\/uploads\/2018\/05\/telhadoverde.jpg\" alt=\"\" width=\"571\" height=\"270\" srcset=\"https:\/\/diarioregionaldigital.com.br\/wp-content\/uploads\/2018\/05\/telhadoverde.jpg 571w, https:\/\/diarioregionaldigital.com.br\/wp-content\/uploads\/2018\/05\/telhadoverde-300x142.jpg 300w, https:\/\/diarioregionaldigital.com.br\/wp-content\/uploads\/2018\/05\/telhadoverde-360x170.jpg 360w\" sizes=\"auto, (max-width: 571px) 100vw, 571px\" \/><p id=\"caption-attachment-106412\" class=\"wp-caption-text\">IMAGEM: posturacorreta.com<\/p><\/div>\n<p>&nbsp;<\/p>\n<p style=\"text-align: center;\"><strong>PARA SUGEST\u00d5ES OU INFORMA\u00c7\u00d5ES:<\/strong><br \/>\n<strong>Fabiano Teixeira | Arquiteto | (32) 99103-1405<\/strong><\/p>\n","protected":false},"excerpt":{"rendered":"<p>Todas as profiss\u00f5es t\u00eam seus jarg\u00f5es espec\u00edficos, assim, por exemplo:\u00a0Atendente de telemarketing n\u00e3o pede, mas \u201cvai poder estar pedindo\u201d.\u00a0Agentes de seguran\u00e7a n\u00e3o dizem sim, mas \u201cpositivo e operante\u201d.nM\u00e9dico n\u00e3o tem dor de cabe\u00e7a, mas cefaleia. Imagino que os arquitetos, para n\u00e3o ficarem para tr\u00e1s, tamb\u00e9m produziram as suas express\u00f5es pr\u00f3prias, jarg\u00f5es como: criando contraste, cores [&hellip;]<\/p>\n","protected":false},"author":96,"featured_media":106410,"comment_status":"closed","ping_status":"closed","sticky":false,"template":"","format":"standard","meta":{"footnotes":""},"categories":[287],"tags":[],"class_list":["post-106405","post","type-post","status-publish","format-standard","has-post-thumbnail","hentry","category-arquitetura-fabiano-teixeira"],"_links":{"self":[{"href":"https:\/\/diarioregionaldigital.com.br\/index.php?rest_route=\/wp\/v2\/posts\/106405","targetHints":{"allow":["GET"]}}],"collection":[{"href":"https:\/\/diarioregionaldigital.com.br\/index.php?rest_route=\/wp\/v2\/posts"}],"about":[{"href":"https:\/\/diarioregionaldigital.com.br\/index.php?rest_route=\/wp\/v2\/types\/post"}],"author":[{"embeddable":true,"href":"https:\/\/diarioregionaldigital.com.br\/index.php?rest_route=\/wp\/v2\/users\/96"}],"replies":[{"embeddable":true,"href":"https:\/\/diarioregionaldigital.com.br\/index.php?rest_route=%2Fwp%2Fv2%2Fcomments&post=106405"}],"version-history":[{"count":0,"href":"https:\/\/diarioregionaldigital.com.br\/index.php?rest_route=\/wp\/v2\/posts\/106405\/revisions"}],"wp:featuredmedia":[{"embeddable":true,"href":"https:\/\/diarioregionaldigital.com.br\/index.php?rest_route=\/wp\/v2\/media\/106410"}],"wp:attachment":[{"href":"https:\/\/diarioregionaldigital.com.br\/index.php?rest_route=%2Fwp%2Fv2%2Fmedia&parent=106405"}],"wp:term":[{"taxonomy":"category","embeddable":true,"href":"https:\/\/diarioregionaldigital.com.br\/index.php?rest_route=%2Fwp%2Fv2%2Fcategories&post=106405"},{"taxonomy":"post_tag","embeddable":true,"href":"https:\/\/diarioregionaldigital.com.br\/index.php?rest_route=%2Fwp%2Fv2%2Ftags&post=106405"}],"curies":[{"name":"wp","href":"https:\/\/api.w.org\/{rel}","templated":true}]}}