{"id":106393,"date":"2018-05-30T17:50:57","date_gmt":"2018-05-30T20:50:57","guid":{"rendered":"http:\/\/diarioregionaljf.com.br\/?p=106393"},"modified":"2018-05-30T18:47:47","modified_gmt":"2018-05-30T21:47:47","slug":"settra-altera-transito-para-celebracoes-de-corpus-christi-nesta-quinta-feira","status":"publish","type":"post","link":"https:\/\/diarioregionaldigital.com.br\/?p=106393","title":{"rendered":"Settra altera tr\u00e2nsito para celebra\u00e7\u00f5es de \u201cCorpus Christi\u201d nesta quinta-feira"},"content":{"rendered":"<p>Para garantir fluidez e seguran\u00e7a ao tr\u00e1fego de ve\u00edculos durante as celebra\u00e7\u00f5es de \u201cCorpus Christi\u201d, nesta quinta-feira, 31, a Secretaria de Transporte e Tr\u00e2nsito (Settra) da Prefeitura de Juiz de Fora (PJF) promover\u00e1 interven\u00e7\u00f5es no tr\u00e2nsito na regi\u00e3o central e nos bairros Francisco Bernardino, Bandeirantes, Monte Castelo, Santa Luzia, Teixeiras e Bonfim. O transporte coletivo tamb\u00e9m ter\u00e1 mudan\u00e7as.<\/p>\n<p>Durante as prociss\u00f5es haver\u00e1 apoio de agentes de tr\u00e2nsito e\/ou policiais militares, e as vias ser\u00e3o liberadas totalmente, sempre ao final dos cortejos. Ser\u00e1 garantido o acesso dos moradores \u00e0s \u00e1reas interditadas, conforme avalia\u00e7\u00e3o da autoridade de tr\u00e2nsito.<\/p>\n<p><b>Confira as interdi\u00e7\u00f5es em cada par\u00f3quia:<\/b><\/p>\n<p><b>\u2013 NOSSA SRA. DE LOURDES (BAIRRO FRANCISCO BERNARDINO)<\/b><\/p>\n<p>Interdi\u00e7\u00e3o parcial nas vias onde ser\u00e1 a prociss\u00e3o prevista para iniciar \u00e0s 19h passando pela ruas Tomaz Gonzaga, Berta Halfeld Paleta, Manoel Diniz da Silva, Professor Menton de Alencar, Ab\u00edlio Gomes, Tomaz Gonzaga, Te\u00f3filo Tertuliano da Silva, Ab\u00edlio Gomes e Jo\u00e3o Leite de Oliveira at\u00e9 a Capela Nossa Senhora da Paz.<\/p>\n<p><b>&#8211; CATEDRAL METROPOLITANA<\/b><\/p>\n<p>Interdi\u00e7\u00e3o total nas vias onde a prociss\u00e3o ir\u00e1 passar com previs\u00e3o para as 15h. O trajeto tem in\u00edcio nas ruas Doutor Proc\u00f3pio Teixeira, sentido Bairro\/Centro entre Pra\u00e7a Doutor Jo\u00e3o Tostes (Igreja Bom Pastor) e Sales Duarte; Rua Doutor Proc\u00f3pio Teixeira, sentido Centro\/Bairro entre Rua Jos\u00e9 M\u00e1rio Vilella e Pra\u00e7a Doutor Jo\u00e3o Tostes (Igreja Bom Pastor); pista central da Avenida Bar\u00e3o do Rio Branco, no trecho compreendido entre a Rua Doutor Proc\u00f3pio Teixeira e a Catedral Metropolitana, Rua Esp\u00edrito Santo at\u00e9 o Adro da Catedral.<\/p>\n<p>Haver\u00e1 interdi\u00e7\u00e3o total da Avenida Bar\u00e3o do Rio Branco (pista sentido Bom Pastor\/Manoel Hon\u00f3rio) durante a sa\u00edda da prociss\u00e3o da Rua Doutro Proc\u00f3pio Teixeira e no cruzamento com Rua Esp\u00edrito Santo (pista sentido Manoel Hon\u00f3rio\/Bom Pastor) para a travessia da mesma.<\/p>\n<p><b>\u2013 SANTA CRUZ (BAIRRO BANDEIRANTES)<\/b><\/p>\n<p>Interdi\u00e7\u00e3o parcial nas vias onde ter\u00e1 prociss\u00e3o prevista para as 8h pelas ruas Sargento Cunha, Ant\u00f4nio Trist\u00e3o, Laurindo Noceli, Jos\u00e9 Lib\u00e2nio Rodrigues, Ant\u00f4nio Soares da Costa, Ant\u00f4nio de Paula Mendes, Sargento Cunha, retornando a Par\u00f3quia de Santa Cruz.<\/p>\n<p><b>&#8211; NOSSA SRA PERP\u00c9TUO SOCORRO (BAIRRO MONTE CASTELO)<\/b><\/p>\n<p>Interdi\u00e7\u00e3o parcial nas vias para a prociss\u00e3o prevista para as 16h pelas ruas Jos\u00e9 Martins da Silva, Eunice Weaver, Helena Bittencourt, Pedro Ronzani, Maria Geralda de Freitas, Coronel Pedro Porto, Branca Mascarenhas, Itatiaia, dos Palmares, En\u00e9as Mascarenhas, Lu\u00edz Baltazar Eberle e Amamba\u00ed.<\/p>\n<p><b>&#8211; S\u00c3O GERALDO (BAIRRO TEIXEIRAS)<\/b><\/p>\n<p>De 14h \u00e0s 18h30, interdi\u00e7\u00e3o total na Rua Jesus Raymundo entre Avenida Pantaleone Arcuri e Rua Cust\u00f3dio Furtado de Souza.<\/p>\n<p>Interdi\u00e7\u00e3o parcial nas vias para prociss\u00e3o \u00e0s 14h pela Rua Nair Furtado de Souza, Avenida Deusdedith Salgado, Rua Jesus Raymundo, Acesso Sul, ruas Jo\u00e3o Moreira da Rocha, Porf\u00edrio Barbosa de Albuquerque, at\u00e9 a Igreja S\u00e3o Domingos.<\/p>\n<p><b>\u2013 SANTA LUZIA<\/b><\/p>\n<p>Interdi\u00e7\u00e3o total, de 5h \u00e0s 14h, na Rua Porto das Flores entre as ruas Ibitiguaia e Ingr\u00e1cia Pinheiro; e Rua Ingr\u00e1cia Pinheiro entre as ruas Porto das Flores e Aurora Torres.<\/p>\n<p>Prociss\u00e3o prevista para as 10h45 com interdi\u00e7\u00e3o parcial do trajeto, com in\u00edcio na Igreja Matriz Nossa Senhora das Gra\u00e7as passando pelas ruas Ingr\u00e1cia Pinheiro, Porto das Flores, Avenida Ibitiguaia at\u00e9 o Santu\u00e1rio de Santa Luzia.<\/p>\n<p><b>&#8211; SANTA RITA DE C\u00c1SSIA (BAIRRO BONFIM)<\/b><\/p>\n<p>Prociss\u00e3o \u00e0s 16h, com interdi\u00e7\u00e3o parcial das vias do trajeto com in\u00edcio na Rua Bar\u00e3o do Retiro, seguindo pelas ruas M\u00facio Vieira, Ot\u00e1vio Pereira Torres, Carlos Alves, Ipiranga, Bar\u00e3o do Retiro at\u00e9 a Par\u00f3quia de Santa Rita de C\u00e1ssia.<\/p>\n<p><b>Transporte Coletivo<\/p>\n<p>Bom Pastor<\/p>\n<p>Linha 216 \u2013 Bairu \/Boa Vista<\/p>\n<p>Sentido Bom Pastor\/Bairu:<\/b> ruas Dr. Pedro Mendes, Delorme de Carvalho, Sales Duarte, Dr. Jos\u00e9 Proc\u00f3pio Teixeira .<\/p>\n<p><b>Teixeiras<\/p>\n<p>Linha 522 \u2013 Teixeiras<\/p>\n<p>Sentido Centro\/Bairro:<\/b> Avenida Deusdedith Salgado, ruas Marly Mendes Alves, Jesus Raimundo.<\/p>\n<p><b>Santa Luzia<\/p>\n<p>Linhas 121,122, 124,125 e 126 :<\/p>\n<p>Sentido Centro \/Santa Luzia:<\/b> Rua Ibitiguaia, Av. Santa Luzia (margem direita), Rua Jos\u00e9 Nunes Leal.<\/p>\n<p><b>Linha 123:<\/p>\n<p>Sentido Alto Eldorado\/Santa Luzia: <\/b>Rua Ibitiguaia, Av. Santa Luzia (margem direita), retorna no sem\u00e1foro, Av. Santa Luzia (margem esquerda), Rua \u00c1gua Limpa.<\/p>\n<p><b>Linha 590 &#8211; Zona Sul\/UFJF-CAS:<\/p>\n<p>Sentido Zona Sul\/UFJF-CAS:<\/b> Av. Santa Luzia, ruas \u00c1gua Limpa, Ch\u00e1cara, Av. Ibitiguaia.<\/p>\n<p>&nbsp;<\/p>\n<p>Fonte: Assessoria<\/p>\n","protected":false},"excerpt":{"rendered":"<p>Para garantir fluidez e seguran\u00e7a ao tr\u00e1fego de ve\u00edculos durante as celebra\u00e7\u00f5es de \u201cCorpus Christi\u201d, nesta quinta-feira, 31, a Secretaria de Transporte e Tr\u00e2nsito (Settra) da Prefeitura de Juiz de Fora (PJF) promover\u00e1 interven\u00e7\u00f5es no tr\u00e2nsito na regi\u00e3o central e nos bairros Francisco Bernardino, Bandeirantes, Monte Castelo, Santa Luzia, Teixeiras e Bonfim. O transporte coletivo [&hellip;]<\/p>\n","protected":false},"author":96,"featured_media":105098,"comment_status":"closed","ping_status":"closed","sticky":false,"template":"","format":"standard","meta":{"footnotes":""},"categories":[253,439],"tags":[],"class_list":["post-106393","post","type-post","status-publish","format-standard","has-post-thumbnail","hentry","category-cidade","category-ultima-hora"],"_links":{"self":[{"href":"https:\/\/diarioregionaldigital.com.br\/index.php?rest_route=\/wp\/v2\/posts\/106393","targetHints":{"allow":["GET"]}}],"collection":[{"href":"https:\/\/diarioregionaldigital.com.br\/index.php?rest_route=\/wp\/v2\/posts"}],"about":[{"href":"https:\/\/diarioregionaldigital.com.br\/index.php?rest_route=\/wp\/v2\/types\/post"}],"author":[{"embeddable":true,"href":"https:\/\/diarioregionaldigital.com.br\/index.php?rest_route=\/wp\/v2\/users\/96"}],"replies":[{"embeddable":true,"href":"https:\/\/diarioregionaldigital.com.br\/index.php?rest_route=%2Fwp%2Fv2%2Fcomments&post=106393"}],"version-history":[{"count":0,"href":"https:\/\/diarioregionaldigital.com.br\/index.php?rest_route=\/wp\/v2\/posts\/106393\/revisions"}],"wp:featuredmedia":[{"embeddable":true,"href":"https:\/\/diarioregionaldigital.com.br\/index.php?rest_route=\/wp\/v2\/media\/105098"}],"wp:attachment":[{"href":"https:\/\/diarioregionaldigital.com.br\/index.php?rest_route=%2Fwp%2Fv2%2Fmedia&parent=106393"}],"wp:term":[{"taxonomy":"category","embeddable":true,"href":"https:\/\/diarioregionaldigital.com.br\/index.php?rest_route=%2Fwp%2Fv2%2Fcategories&post=106393"},{"taxonomy":"post_tag","embeddable":true,"href":"https:\/\/diarioregionaldigital.com.br\/index.php?rest_route=%2Fwp%2Fv2%2Ftags&post=106393"}],"curies":[{"name":"wp","href":"https:\/\/api.w.org\/{rel}","templated":true}]}}