{"id":106389,"date":"2018-05-30T17:28:51","date_gmt":"2018-05-30T20:28:51","guid":{"rendered":"http:\/\/diarioregionaljf.com.br\/?p=106389"},"modified":"2018-05-30T17:36:05","modified_gmt":"2018-05-30T20:36:05","slug":"prazo-para-vacinacao-contra-febre-aftosa-e-prorrogado-para-15-de-junho","status":"publish","type":"post","link":"https:\/\/diarioregionaldigital.com.br\/?p=106389","title":{"rendered":"Prazo para vacina\u00e7\u00e3o contra febre aftosa \u00e9 prorrogado para 15 de junho"},"content":{"rendered":"<p>O Departamento de Sa\u00fade Animal do Minist\u00e9rio da Agricultura, Pecu\u00e1ria e Abastecimento (Mapa) autorizou aos estados a prorroga\u00e7\u00e3o at\u00e9 15 de junho do prazo para\u00a0vacina\u00e7\u00e3o do rebanho bovino e bubalino contra a febre aftosa que, pelo calend\u00e1rio, terminaria em 31 de maio.<\/p>\n<p>Correspond\u00eancia do Minist\u00e9rio encaminhada aos estados em 29 de maio explica que a prorroga\u00e7\u00e3o tem o objetivo de evitar o comprometimento dos resultados da imuniza\u00e7\u00e3o dos rebanhos na etapa de vacina\u00e7\u00e3o de maio, tendo em vista que a greve geral dos caminhoneiros afetou v\u00e1rios setores, inclusive a produ\u00e7\u00e3o e distribui\u00e7\u00e3o das vacinas. A correspond\u00eancia ressalta que \u201ca adequada vacina\u00e7\u00e3o dos rebanhos, entre outros fatores, depende de adequada oferta de vacinas ao produtor e de uma log\u00edstica de transporte normal\u201d.<\/p>\n<p>O Instituto Mineiro de Agropecu\u00e1ria (IMA) \u00e9 o \u00f3rg\u00e3o do Governo de Minas Gerais respons\u00e1vel pela gest\u00e3o das campanhas de vacina\u00e7\u00e3o dos rebanhos no estado.<\/p>\n<p>\u201cCom essa prorroga\u00e7\u00e3o estamos contribuindo para que os produtores que ainda n\u00e3o vacinaram seus animais possam realizar essa vacina\u00e7\u00e3o de forma adequada, garantindo o status que Minas possui de \u00e1rea livre de febre aftosa com vacina\u00e7\u00e3o obtido em 2008\u00a0 junto \u00e0 Organiza\u00e7\u00e3o Mundial de Sa\u00fade Animal (OIE)\u201d, argumenta o diretor-geral do IMA, Marc\u00edlio de Sousa Magalh\u00e3es.<\/p>\n<p>Minas Gerais deve vacinar na etapa de maio todo o rebanho de bovinos e bubalinos, independentemente da idade, o que soma cerca de\u00a023,6 milh\u00f5es de animais em todo o estado.<\/p>\n<p>\u201cA vacina\u00e7\u00e3o \u00e9 obrigat\u00f3ria e o \u00fanico meio de se\u00a0prevenir contra a doen\u00e7a. A bovinocultura \u00e9 um importante gerador de emprego e renda no estado, tendo exportado, no ano passado, \u00a0US$598 milh\u00f5es em carne bovina\u201d, ressalta Magalh\u00e3es, lembrando que os escrit\u00f3rios do Instituto estar\u00e3o aptos a esclarecer d\u00favidas dos produtores a partir da pr\u00f3xima semana.<\/p>\n<p>Fonte: Ag\u00eancia Minas<\/p>\n","protected":false},"excerpt":{"rendered":"<p>O Departamento de Sa\u00fade Animal do Minist\u00e9rio da Agricultura, Pecu\u00e1ria e Abastecimento (Mapa) autorizou aos estados a prorroga\u00e7\u00e3o at\u00e9 15 de junho do prazo para\u00a0vacina\u00e7\u00e3o do rebanho bovino e bubalino contra a febre aftosa que, pelo calend\u00e1rio, terminaria em 31 de maio. Correspond\u00eancia do Minist\u00e9rio encaminhada aos estados em 29 de maio explica que a [&hellip;]<\/p>\n","protected":false},"author":96,"featured_media":106390,"comment_status":"closed","ping_status":"closed","sticky":false,"template":"","format":"standard","meta":{"footnotes":""},"categories":[252,439],"tags":[],"class_list":["post-106389","post","type-post","status-publish","format-standard","has-post-thumbnail","hentry","category-regiao","category-ultima-hora"],"_links":{"self":[{"href":"https:\/\/diarioregionaldigital.com.br\/index.php?rest_route=\/wp\/v2\/posts\/106389","targetHints":{"allow":["GET"]}}],"collection":[{"href":"https:\/\/diarioregionaldigital.com.br\/index.php?rest_route=\/wp\/v2\/posts"}],"about":[{"href":"https:\/\/diarioregionaldigital.com.br\/index.php?rest_route=\/wp\/v2\/types\/post"}],"author":[{"embeddable":true,"href":"https:\/\/diarioregionaldigital.com.br\/index.php?rest_route=\/wp\/v2\/users\/96"}],"replies":[{"embeddable":true,"href":"https:\/\/diarioregionaldigital.com.br\/index.php?rest_route=%2Fwp%2Fv2%2Fcomments&post=106389"}],"version-history":[{"count":0,"href":"https:\/\/diarioregionaldigital.com.br\/index.php?rest_route=\/wp\/v2\/posts\/106389\/revisions"}],"wp:featuredmedia":[{"embeddable":true,"href":"https:\/\/diarioregionaldigital.com.br\/index.php?rest_route=\/wp\/v2\/media\/106390"}],"wp:attachment":[{"href":"https:\/\/diarioregionaldigital.com.br\/index.php?rest_route=%2Fwp%2Fv2%2Fmedia&parent=106389"}],"wp:term":[{"taxonomy":"category","embeddable":true,"href":"https:\/\/diarioregionaldigital.com.br\/index.php?rest_route=%2Fwp%2Fv2%2Fcategories&post=106389"},{"taxonomy":"post_tag","embeddable":true,"href":"https:\/\/diarioregionaldigital.com.br\/index.php?rest_route=%2Fwp%2Fv2%2Ftags&post=106389"}],"curies":[{"name":"wp","href":"https:\/\/api.w.org\/{rel}","templated":true}]}}