{"id":106386,"date":"2018-05-30T17:24:51","date_gmt":"2018-05-30T20:24:51","guid":{"rendered":"http:\/\/diarioregionaljf.com.br\/?p=106386"},"modified":"2018-05-30T17:36:44","modified_gmt":"2018-05-30T20:36:44","slug":"deer-mg-libera-circulacao-de-veiculos-cvcs-no-feriado-de-corpus-christi","status":"publish","type":"post","link":"https:\/\/diarioregionaldigital.com.br\/?p=106386","title":{"rendered":"DEER\/MG libera circula\u00e7\u00e3o de ve\u00edculos CVCs no feriado de Corpus Christi"},"content":{"rendered":"<p>Considerando a situa\u00e7\u00e3o at\u00edpica, em que os caminh\u00f5es est\u00e3o deixando os pontos de parada para retomar a normaliza\u00e7\u00e3o dos trabalhos, o\u00a0Departamento de Edifica\u00e7\u00f5es e Estradas de Rodagem de Minas Gerais (DEER\/MG) determinou a suspens\u00e3o da restri\u00e7\u00e3o ao transito de CVCs (ve\u00edculo com mais uma carroceria, como o bitrem), em rodovias estaduais, estabelecida pela portaria n\u00ba 3672, de 17 de janeiro de 2018, prevista para o feriado Corpus Christi, podendo os referidos ve\u00edculos de carga circularem normalmente.<\/p>\n<p>&nbsp;<\/p>\n<p>Fonte: Ag\u00eancia Minas<\/p>\n","protected":false},"excerpt":{"rendered":"<p>Considerando a situa\u00e7\u00e3o at\u00edpica, em que os caminh\u00f5es est\u00e3o deixando os pontos de parada para retomar a normaliza\u00e7\u00e3o dos trabalhos, o\u00a0Departamento de Edifica\u00e7\u00f5es e Estradas de Rodagem de Minas Gerais (DEER\/MG) determinou a suspens\u00e3o da restri\u00e7\u00e3o ao transito de CVCs (ve\u00edculo com mais uma carroceria, como o bitrem), em rodovias estaduais, estabelecida pela portaria n\u00ba [&hellip;]<\/p>\n","protected":false},"author":96,"featured_media":106387,"comment_status":"closed","ping_status":"closed","sticky":false,"template":"","format":"standard","meta":{"footnotes":""},"categories":[440,252,439],"tags":[],"class_list":["post-106386","post","type-post","status-publish","format-standard","has-post-thumbnail","hentry","category-destaques-do-dia","category-regiao","category-ultima-hora"],"_links":{"self":[{"href":"https:\/\/diarioregionaldigital.com.br\/index.php?rest_route=\/wp\/v2\/posts\/106386","targetHints":{"allow":["GET"]}}],"collection":[{"href":"https:\/\/diarioregionaldigital.com.br\/index.php?rest_route=\/wp\/v2\/posts"}],"about":[{"href":"https:\/\/diarioregionaldigital.com.br\/index.php?rest_route=\/wp\/v2\/types\/post"}],"author":[{"embeddable":true,"href":"https:\/\/diarioregionaldigital.com.br\/index.php?rest_route=\/wp\/v2\/users\/96"}],"replies":[{"embeddable":true,"href":"https:\/\/diarioregionaldigital.com.br\/index.php?rest_route=%2Fwp%2Fv2%2Fcomments&post=106386"}],"version-history":[{"count":0,"href":"https:\/\/diarioregionaldigital.com.br\/index.php?rest_route=\/wp\/v2\/posts\/106386\/revisions"}],"wp:featuredmedia":[{"embeddable":true,"href":"https:\/\/diarioregionaldigital.com.br\/index.php?rest_route=\/wp\/v2\/media\/106387"}],"wp:attachment":[{"href":"https:\/\/diarioregionaldigital.com.br\/index.php?rest_route=%2Fwp%2Fv2%2Fmedia&parent=106386"}],"wp:term":[{"taxonomy":"category","embeddable":true,"href":"https:\/\/diarioregionaldigital.com.br\/index.php?rest_route=%2Fwp%2Fv2%2Fcategories&post=106386"},{"taxonomy":"post_tag","embeddable":true,"href":"https:\/\/diarioregionaldigital.com.br\/index.php?rest_route=%2Fwp%2Fv2%2Ftags&post=106386"}],"curies":[{"name":"wp","href":"https:\/\/api.w.org\/{rel}","templated":true}]}}