{"id":106384,"date":"2018-05-30T17:17:49","date_gmt":"2018-05-30T20:17:49","guid":{"rendered":"http:\/\/diarioregionaljf.com.br\/?p=106384"},"modified":"2018-05-30T17:17:49","modified_gmt":"2018-05-30T20:17:49","slug":"projeto-facilita-comprovacao-de-transferencia-de-veiculo","status":"publish","type":"post","link":"https:\/\/diarioregionaldigital.com.br\/?p=106384","title":{"rendered":"Projeto facilita comprova\u00e7\u00e3o de transfer\u00eancia de ve\u00edculo"},"content":{"rendered":"<p>Procura\u00e7\u00f5es, recibos, mensagens eletr\u00f4nicas e a pr\u00f3pria c\u00f3pia autenticada da transfer\u00eancia poder\u00e3o servir como prova da venda de ve\u00edculo, eximindo o vendedor da responsabilidade solid\u00e1ria por multas ou impostos posteriores \u00e0 transa\u00e7\u00e3o. \u00c9 o que prev\u00ea o PLS\u00a0119\/2018, que aguarda designa\u00e7\u00e3o de relator na Comiss\u00e3o de Constitui\u00e7\u00e3o, Justi\u00e7a e Cidadania (CCJ).<\/p>\n<p>Atualmente, pelo C\u00f3digo de Tr\u00e2nsito Brasileiro (Lei 9.503, de 1997), depois de transferido o ve\u00edculo o antigo propriet\u00e1rio deve encaminhar ao Detran em 30 dias a c\u00f3pia autenticada do Documento \u00danico de Transfer\u00eancia (DUT), devidamente assinado e datado. Caso a comunica\u00e7\u00e3o n\u00e3o seja feita, se houver multas ou impostos, ele \u00e9 responsabilizado solidariamente pelas penalidades.<\/p>\n<p>O PLS torna lei jurisprud\u00eancias do Superior Tribunal de Justi\u00e7a (STJ) que acabam com a responsabilidade solid\u00e1ria do vendedor caso ele apresente outros comprovantes da venda.<\/p>\n<p>De acordo com o autor da proposta, senador Jos\u00e9 Medeiros (Pode-MT), o objetivo \u00e9 impedir casos bastante frequentes, como quando o vendedor apenas entrega o DUT para o comprador preencher e registrar em cart\u00f3rio, mas o comprador n\u00e3o faz a transfer\u00eancia. Outra situa\u00e7\u00e3o comum ocorre quando h\u00e1 venda do carro para uma ag\u00eancia ou concession\u00e1ria: geralmente a empresa pede o DUT em branco, para preench\u00ea-lo com o nome da pessoa a quem vender o ve\u00edculo, mas a transfer\u00eancia\u00a0acaba n\u00e3o sendo feita.<\/p>\n<p>Como o projeto tem decis\u00e3o final na CCJ, se aprovado segue direto para a C\u00e2mara dos Deputados, a n\u00e3o ser que haja recurso para vota\u00e7\u00e3o no Plen\u00e1rio do Senado.<\/p>\n<p>&nbsp;<\/p>\n<p>Fonte: Ag\u00eancia Senado<\/p>\n","protected":false},"excerpt":{"rendered":"<p>Procura\u00e7\u00f5es, recibos, mensagens eletr\u00f4nicas e a pr\u00f3pria c\u00f3pia autenticada da transfer\u00eancia poder\u00e3o servir como prova da venda de ve\u00edculo, eximindo o vendedor da responsabilidade solid\u00e1ria por multas ou impostos posteriores \u00e0 transa\u00e7\u00e3o. \u00c9 o que prev\u00ea o PLS\u00a0119\/2018, que aguarda designa\u00e7\u00e3o de relator na Comiss\u00e3o de Constitui\u00e7\u00e3o, Justi\u00e7a e Cidadania (CCJ). Atualmente, pelo C\u00f3digo de [&hellip;]<\/p>\n","protected":false},"author":96,"featured_media":97343,"comment_status":"closed","ping_status":"closed","sticky":false,"template":"","format":"standard","meta":{"footnotes":""},"categories":[254,439],"tags":[],"class_list":["post-106384","post","type-post","status-publish","format-standard","has-post-thumbnail","hentry","category-politica","category-ultima-hora"],"_links":{"self":[{"href":"https:\/\/diarioregionaldigital.com.br\/index.php?rest_route=\/wp\/v2\/posts\/106384","targetHints":{"allow":["GET"]}}],"collection":[{"href":"https:\/\/diarioregionaldigital.com.br\/index.php?rest_route=\/wp\/v2\/posts"}],"about":[{"href":"https:\/\/diarioregionaldigital.com.br\/index.php?rest_route=\/wp\/v2\/types\/post"}],"author":[{"embeddable":true,"href":"https:\/\/diarioregionaldigital.com.br\/index.php?rest_route=\/wp\/v2\/users\/96"}],"replies":[{"embeddable":true,"href":"https:\/\/diarioregionaldigital.com.br\/index.php?rest_route=%2Fwp%2Fv2%2Fcomments&post=106384"}],"version-history":[{"count":0,"href":"https:\/\/diarioregionaldigital.com.br\/index.php?rest_route=\/wp\/v2\/posts\/106384\/revisions"}],"wp:featuredmedia":[{"embeddable":true,"href":"https:\/\/diarioregionaldigital.com.br\/index.php?rest_route=\/wp\/v2\/media\/97343"}],"wp:attachment":[{"href":"https:\/\/diarioregionaldigital.com.br\/index.php?rest_route=%2Fwp%2Fv2%2Fmedia&parent=106384"}],"wp:term":[{"taxonomy":"category","embeddable":true,"href":"https:\/\/diarioregionaldigital.com.br\/index.php?rest_route=%2Fwp%2Fv2%2Fcategories&post=106384"},{"taxonomy":"post_tag","embeddable":true,"href":"https:\/\/diarioregionaldigital.com.br\/index.php?rest_route=%2Fwp%2Fv2%2Ftags&post=106384"}],"curies":[{"name":"wp","href":"https:\/\/api.w.org\/{rel}","templated":true}]}}