{"id":106374,"date":"2018-05-30T15:58:42","date_gmt":"2018-05-30T18:58:42","guid":{"rendered":"http:\/\/diarioregionaljf.com.br\/?p=106374"},"modified":"2018-05-30T15:58:42","modified_gmt":"2018-05-30T18:58:42","slug":"onibus-circulam-com-horario-de-domingo-ate-o-final-de-semana","status":"publish","type":"post","link":"https:\/\/diarioregionaldigital.com.br\/?p=106374","title":{"rendered":"\u00d4nibus circulam com hor\u00e1rio de domingo at\u00e9 o final de semana"},"content":{"rendered":"<p>Em nova reuni\u00e3o realizada nessa quarta-feira, 30, ficou acordado entre Cons\u00f3rcio, Integrados de Transporte Urbano (Cinturb) e Secretaria de Transporte e Tr\u00e2nsito (Settra) que at\u00e9 o final de semana, o servi\u00e7o de transporte coletivo mant\u00e9m o quadro de hor\u00e1rios de domingo, com redu\u00e7\u00e3o no entre pico e frota normal no hor\u00e1rio de pico. No entanto, os cons\u00f3rcios est\u00e3o refor\u00e7ando hor\u00e1rios e linhas em que foram identificadas alta demanda. Este esquema de opera\u00e7\u00e3o visa garantir o transporte coletivo at\u00e9 alcan\u00e7ar um n\u00edvel de seguran\u00e7a nos estoques. A opera\u00e7\u00e3o tem sido monitorada diariamente para garantir o atendimento aos usu\u00e1rios, o que tamb\u00e9m ser\u00e1 feito no feriado.<\/p>\n<p>&nbsp;<\/p>\n<p>Fonte: Assessoria<\/p>\n","protected":false},"excerpt":{"rendered":"<p>Em nova reuni\u00e3o realizada nessa quarta-feira, 30, ficou acordado entre Cons\u00f3rcio, Integrados de Transporte Urbano (Cinturb) e Secretaria de Transporte e Tr\u00e2nsito (Settra) que at\u00e9 o final de semana, o servi\u00e7o de transporte coletivo mant\u00e9m o quadro de hor\u00e1rios de domingo, com redu\u00e7\u00e3o no entre pico e frota normal no hor\u00e1rio de pico. No entanto, [&hellip;]<\/p>\n","protected":false},"author":96,"featured_media":104511,"comment_status":"closed","ping_status":"closed","sticky":false,"template":"","format":"standard","meta":{"footnotes":""},"categories":[253,440,439],"tags":[],"class_list":["post-106374","post","type-post","status-publish","format-standard","has-post-thumbnail","hentry","category-cidade","category-destaques-do-dia","category-ultima-hora"],"_links":{"self":[{"href":"https:\/\/diarioregionaldigital.com.br\/index.php?rest_route=\/wp\/v2\/posts\/106374","targetHints":{"allow":["GET"]}}],"collection":[{"href":"https:\/\/diarioregionaldigital.com.br\/index.php?rest_route=\/wp\/v2\/posts"}],"about":[{"href":"https:\/\/diarioregionaldigital.com.br\/index.php?rest_route=\/wp\/v2\/types\/post"}],"author":[{"embeddable":true,"href":"https:\/\/diarioregionaldigital.com.br\/index.php?rest_route=\/wp\/v2\/users\/96"}],"replies":[{"embeddable":true,"href":"https:\/\/diarioregionaldigital.com.br\/index.php?rest_route=%2Fwp%2Fv2%2Fcomments&post=106374"}],"version-history":[{"count":0,"href":"https:\/\/diarioregionaldigital.com.br\/index.php?rest_route=\/wp\/v2\/posts\/106374\/revisions"}],"wp:featuredmedia":[{"embeddable":true,"href":"https:\/\/diarioregionaldigital.com.br\/index.php?rest_route=\/wp\/v2\/media\/104511"}],"wp:attachment":[{"href":"https:\/\/diarioregionaldigital.com.br\/index.php?rest_route=%2Fwp%2Fv2%2Fmedia&parent=106374"}],"wp:term":[{"taxonomy":"category","embeddable":true,"href":"https:\/\/diarioregionaldigital.com.br\/index.php?rest_route=%2Fwp%2Fv2%2Fcategories&post=106374"},{"taxonomy":"post_tag","embeddable":true,"href":"https:\/\/diarioregionaldigital.com.br\/index.php?rest_route=%2Fwp%2Fv2%2Ftags&post=106374"}],"curies":[{"name":"wp","href":"https:\/\/api.w.org\/{rel}","templated":true}]}}