{"id":106367,"date":"2018-05-30T13:13:50","date_gmt":"2018-05-30T16:13:50","guid":{"rendered":"http:\/\/diarioregionaljf.com.br\/?p=106367"},"modified":"2018-05-30T13:23:28","modified_gmt":"2018-05-30T16:23:28","slug":"prf-cancela-operacao-corpus-christi","status":"publish","type":"post","link":"https:\/\/diarioregionaldigital.com.br\/?p=106367","title":{"rendered":"PRF cancela Opera\u00e7\u00e3o \u201cCorpus Christi\u201d"},"content":{"rendered":"<p>A Pol\u00edcia Rodovi\u00e1ria Federal (PRF) anunciou, por meio de nota nesta quarta-feira, 30, o cancelamento da Opera\u00e7\u00e3o Corpus Christi, que ocorreria no feriado prolongado desta semana.<\/p>\n<p>A PRF explicou que a miss\u00e3o durante o feriado ser\u00e1 a continuidade dos trabalhos desta semana, com a desinterdi\u00e7\u00e3o das rodovias e restabelecimento do fluxo normal.<\/p>\n<p>Apesar de a opera\u00e7\u00e3o estar cancelada, ainda ocorrer\u00e3o a\u00e7\u00f5es de fiscaliza\u00e7\u00e3o para a preven\u00e7\u00e3o de acidentes, dentro das possibilidades e do andamento do final da greve dos caminhoneiros.<\/p>\n","protected":false},"excerpt":{"rendered":"<p>A Pol\u00edcia Rodovi\u00e1ria Federal (PRF) anunciou, por meio de nota nesta quarta-feira, 30, o cancelamento da Opera\u00e7\u00e3o Corpus Christi, que ocorreria no feriado prolongado desta semana. A PRF explicou que a miss\u00e3o durante o feriado ser\u00e1 a continuidade dos trabalhos desta semana, com a desinterdi\u00e7\u00e3o das rodovias e restabelecimento do fluxo normal. Apesar de a [&hellip;]<\/p>\n","protected":false},"author":96,"featured_media":106368,"comment_status":"closed","ping_status":"closed","sticky":false,"template":"","format":"standard","meta":{"footnotes":""},"categories":[252,439],"tags":[],"class_list":["post-106367","post","type-post","status-publish","format-standard","has-post-thumbnail","hentry","category-regiao","category-ultima-hora"],"_links":{"self":[{"href":"https:\/\/diarioregionaldigital.com.br\/index.php?rest_route=\/wp\/v2\/posts\/106367","targetHints":{"allow":["GET"]}}],"collection":[{"href":"https:\/\/diarioregionaldigital.com.br\/index.php?rest_route=\/wp\/v2\/posts"}],"about":[{"href":"https:\/\/diarioregionaldigital.com.br\/index.php?rest_route=\/wp\/v2\/types\/post"}],"author":[{"embeddable":true,"href":"https:\/\/diarioregionaldigital.com.br\/index.php?rest_route=\/wp\/v2\/users\/96"}],"replies":[{"embeddable":true,"href":"https:\/\/diarioregionaldigital.com.br\/index.php?rest_route=%2Fwp%2Fv2%2Fcomments&post=106367"}],"version-history":[{"count":0,"href":"https:\/\/diarioregionaldigital.com.br\/index.php?rest_route=\/wp\/v2\/posts\/106367\/revisions"}],"wp:featuredmedia":[{"embeddable":true,"href":"https:\/\/diarioregionaldigital.com.br\/index.php?rest_route=\/wp\/v2\/media\/106368"}],"wp:attachment":[{"href":"https:\/\/diarioregionaldigital.com.br\/index.php?rest_route=%2Fwp%2Fv2%2Fmedia&parent=106367"}],"wp:term":[{"taxonomy":"category","embeddable":true,"href":"https:\/\/diarioregionaldigital.com.br\/index.php?rest_route=%2Fwp%2Fv2%2Fcategories&post=106367"},{"taxonomy":"post_tag","embeddable":true,"href":"https:\/\/diarioregionaldigital.com.br\/index.php?rest_route=%2Fwp%2Fv2%2Ftags&post=106367"}],"curies":[{"name":"wp","href":"https:\/\/api.w.org\/{rel}","templated":true}]}}