{"id":106360,"date":"2018-05-30T12:00:48","date_gmt":"2018-05-30T15:00:48","guid":{"rendered":"http:\/\/diarioregionaljf.com.br\/?p=106360"},"modified":"2018-05-30T13:23:57","modified_gmt":"2018-05-30T16:23:57","slug":"abastecimento-de-combustiveis-e-normalizado-gradativamente-no-pais","status":"publish","type":"post","link":"https:\/\/diarioregionaldigital.com.br\/?p=106360","title":{"rendered":"Abastecimento de combust\u00edveis \u00e9 normalizado gradativamente no pa\u00eds"},"content":{"rendered":"<p>A Petrobras Distribuidora (BR) informou, em nota, que, ap\u00f3s decorridos nove dias de paralisa\u00e7\u00f5es dos caminhoneiros, o abastecimento de combust\u00edveis aos clientes da subsidi\u00e1ria j\u00e1 est\u00e1 sendo retomado, \u201cde forma gradativa\u201d, em todo o Brasil com as desobstru\u00e7\u00f5es de estradas, vias de acesso e portarias de bases de distribui\u00e7\u00e3o, e apoio das escoltas de comboios de caminh\u00f5es-tanques realizadas pelas For\u00e7as de Seguran\u00e7a.<\/p>\n<p>A avalia\u00e7\u00e3o da subsidi\u00e1ria \u00e9 que alguns pontos do pa\u00eds, sobretudo as regi\u00f5es Centro-Oeste, Norte e Nordeste, j\u00e1 operam \u201cdentro da normalidade\u201d. \u201cEm aeroportos secund\u00e1rios e nas regi\u00f5es Sul e Sudeste, ainda h\u00e1 restri\u00e7\u00f5es \u00e0 circula\u00e7\u00e3o que impedem o abastecimento pleno do mercado\u201d, diz a nota.<\/p>\n<p>A BR ressaltou, por\u00e9m, que permanece de prontid\u00e3o, com um plano de retomada do abastecimento \u2013 com prioridade aos servi\u00e7os essenciais \u00e0 popula\u00e7\u00e3o \u2013 para atender a sua revenda e demais clientes de forma plena e segura \u201ct\u00e3o logo esses \u00faltimos pontos de bloqueio estejam desobstru\u00eddos\u201d.<\/p>\n<p>Segundo a BR, at\u00e9 a normaliza\u00e7\u00e3o das opera\u00e7\u00f5es da subsidi\u00e1ria, \u201cas bases da companhia continuar\u00e3o operando em regime especial, inclusive no feriado e nos finais de semana\u201d.<\/p>\n<p>A Central de Servi\u00e7os da Petrobras Distribuidora teve a equipe de atendentes refor\u00e7ada e foi mobilizada para estender o hor\u00e1rio de atendimento, prestando todo o suporte necess\u00e1rio aos clientes e \u00e0 \u00e1rea comercial.<\/p>\n<p>Fonte: Ag\u00eancia Brasil<\/p>\n","protected":false},"excerpt":{"rendered":"<p>A Petrobras Distribuidora (BR) informou, em nota, que, ap\u00f3s decorridos nove dias de paralisa\u00e7\u00f5es dos caminhoneiros, o abastecimento de combust\u00edveis aos clientes da subsidi\u00e1ria j\u00e1 est\u00e1 sendo retomado, \u201cde forma gradativa\u201d, em todo o Brasil com as desobstru\u00e7\u00f5es de estradas, vias de acesso e portarias de bases de distribui\u00e7\u00e3o, e apoio das escoltas de comboios [&hellip;]<\/p>\n","protected":false},"author":96,"featured_media":106361,"comment_status":"closed","ping_status":"closed","sticky":false,"template":"","format":"standard","meta":{"footnotes":""},"categories":[302,436,439],"tags":[],"class_list":["post-106360","post","type-post","status-publish","format-standard","has-post-thumbnail","hentry","category-brasil-mundo","category-destaque-da-semana","category-ultima-hora"],"_links":{"self":[{"href":"https:\/\/diarioregionaldigital.com.br\/index.php?rest_route=\/wp\/v2\/posts\/106360","targetHints":{"allow":["GET"]}}],"collection":[{"href":"https:\/\/diarioregionaldigital.com.br\/index.php?rest_route=\/wp\/v2\/posts"}],"about":[{"href":"https:\/\/diarioregionaldigital.com.br\/index.php?rest_route=\/wp\/v2\/types\/post"}],"author":[{"embeddable":true,"href":"https:\/\/diarioregionaldigital.com.br\/index.php?rest_route=\/wp\/v2\/users\/96"}],"replies":[{"embeddable":true,"href":"https:\/\/diarioregionaldigital.com.br\/index.php?rest_route=%2Fwp%2Fv2%2Fcomments&post=106360"}],"version-history":[{"count":0,"href":"https:\/\/diarioregionaldigital.com.br\/index.php?rest_route=\/wp\/v2\/posts\/106360\/revisions"}],"wp:featuredmedia":[{"embeddable":true,"href":"https:\/\/diarioregionaldigital.com.br\/index.php?rest_route=\/wp\/v2\/media\/106361"}],"wp:attachment":[{"href":"https:\/\/diarioregionaldigital.com.br\/index.php?rest_route=%2Fwp%2Fv2%2Fmedia&parent=106360"}],"wp:term":[{"taxonomy":"category","embeddable":true,"href":"https:\/\/diarioregionaldigital.com.br\/index.php?rest_route=%2Fwp%2Fv2%2Fcategories&post=106360"},{"taxonomy":"post_tag","embeddable":true,"href":"https:\/\/diarioregionaldigital.com.br\/index.php?rest_route=%2Fwp%2Fv2%2Ftags&post=106360"}],"curies":[{"name":"wp","href":"https:\/\/api.w.org\/{rel}","templated":true}]}}