{"id":106355,"date":"2018-05-30T11:39:41","date_gmt":"2018-05-30T14:39:41","guid":{"rendered":"http:\/\/diarioregionaljf.com.br\/?p=106355"},"modified":"2018-05-30T13:24:06","modified_gmt":"2018-05-30T16:24:06","slug":"campanha-de-vacinacao-contra-a-gripe-e-prorrogada-ate-15-de-junho","status":"publish","type":"post","link":"https:\/\/diarioregionaldigital.com.br\/?p=106355","title":{"rendered":"Campanha de vacina\u00e7\u00e3o contra a gripe \u00e9 prorrogada at\u00e9 15 de junho"},"content":{"rendered":"<p>A\u00a0<a href=\"http:\/\/www.saude.mg.gov.br\/gripe\" target=\"_blank\" rel=\"noopener\"><strong>Campanha Nacional de Vacina\u00e7\u00e3o contra a Gripe<\/strong><\/a>\u00a0ser\u00e1 prorrogada at\u00e9 o dia 15 de junho em todo o pa\u00eds. A recomenda\u00e7\u00e3o do\u00a0<a href=\"http:\/\/portalms.saude.gov.br\/\" target=\"_blank\" rel=\"noopener\"><strong>Minist\u00e9rio da Sa\u00fade<\/strong><\/a>, enviada aos gestores locais nessa ter\u00e7a-feira, 29, foi adotada em decorr\u00eancia dos poss\u00edveis impactos da paralisa\u00e7\u00e3o dos caminhoneiros no transporte p\u00fablico e nos atendimentos em servi\u00e7os de sa\u00fade. A campanha estava prevista para encerrar nesta sexta-feira (1\u00ba de junho), sendo que 100% das doses da vacina (60 milh\u00f5es) j\u00e1 foram distribu\u00eddas aos estados, que est\u00e3o devidamente abastecidos.<\/p>\n<p>Ap\u00f3s o fim da campanha, caso haja disponibilidade de vacinas nos estados e munic\u00edpios,\u00a0<strong>a vacina\u00e7\u00e3o poder\u00e1 ser ampliada para crian\u00e7as de cinco a nove anos de idade e adultos de 50 a 59 anos<\/strong>. O Minist\u00e9rio da Sa\u00fade refor\u00e7a a import\u00e2ncia dos estados e munic\u00edpios continuarem a vacinar os grupos priorit\u00e1rios, em especial, crian\u00e7as, gestantes, idosos e pessoas com comorbidades, p\u00fablico com maior risco de complica\u00e7\u00f5es para a doen\u00e7a.<\/p>\n<p>At\u00e9 o momento, ainda faltam 18,8 milh\u00f5es de pessoas a serem vacinadas em todo o pa\u00eds. Balan\u00e7o publicado nesta ter\u00e7a-feira (29\/05), pelo Minist\u00e9rio da Sa\u00fade, mostra que 66% das pessoas que fazem parte do p\u00fablico-alvo, se vacinou. A expectativa do Minist\u00e9rio da Sa\u00fade \u00e9 vacinar 54,4 milh\u00f5es de pessoas at\u00e9 o dia 15 de junho.<\/p>\n<p>\u201c\u00c9 muito importante que as pessoas consideradas do grupo-priorit\u00e1rio procurem os postos para se protegerem contra a gripe. A vacina \u00e9 a medida mais eficaz para evitar a doen\u00e7a e garante prote\u00e7\u00e3o \u00e0s pessoas com mais risco de desenvolverem a forma grave da doen\u00e7a\u201d, ressaltou a coordenadora-substituta do Programa Nacional de Imuniza\u00e7\u00f5es, do Minist\u00e9rio da Sa\u00fade, Ana Goretti.<\/p>\n<p>At\u00e9 28 de maio foram vacinadas 35,6 milh\u00f5es de pessoas. Este total considera todo o p\u00fablico estimado, englobando pessoas privadas de liberdade \u2013 o que inclui adolescentes e jovens de 12 a 21 anos em medidas socioeducativas \u2013, funcion\u00e1rios do sistema prisional e pessoas com comorbidades. Dessas, 28,8 milh\u00f5es s\u00e3o idosos a partir de 60 anos, crian\u00e7as de seis meses a menores de cinco anos, trabalhadores de sa\u00fade, professores das redes p\u00fablica e privada, povos ind\u00edgenas, gestantes e pu\u00e9rperas (at\u00e9 45 dias ap\u00f3s o parto).<\/p>\n<p>O p\u00fablico com maior cobertura, at\u00e9 o momento \u00e9 de pu\u00e9rperas, com 78,1%, seguido pelos idosos (75,2%), professores (73,1%) e trabalhadores de sa\u00fade (71,6%). Entre os ind\u00edgenas, a cobertura de vacina\u00e7\u00e3o ficou em 63,6% e gestantes 55,1%. O grupo com menor \u00edndice de vacina\u00e7\u00e3o foram as crian\u00e7as, entre seis meses e cinco anos, a cobertura \u00e9 de apenas 49,7%.<\/p>\n<p>A escolha dos grupos priorit\u00e1rios segue recomenda\u00e7\u00e3o da\u00a0<strong>Organiza\u00e7\u00e3o Mundial da Sa\u00fade (OMS)<\/strong>. Essa defini\u00e7\u00e3o tamb\u00e9m \u00e9 respaldada por estudos epidemiol\u00f3gicos e pela observa\u00e7\u00e3o do comportamento das infec\u00e7\u00f5es respirat\u00f3rias, que t\u00eam como principal agente os v\u00edrus da gripe. S\u00e3o priorizados os grupos mais suscet\u00edveis ao agravamento de doen\u00e7as respirat\u00f3rias.<\/p>\n<p><strong>Casos de Gripe no Brasil<\/strong><\/p>\n<p>O \u00faltimo boletim de influenza do\u00a0<strong>Minist\u00e9rio da Sa\u00fade<\/strong>\u00a0aponta que, at\u00e9 26 de maio, foram registrados 2.088 casos de influenza em todo o pa\u00eds, com 335 \u00f3bitos. Do total, 1.262 casos e 218 \u00f3bitos foram por H1N1. Em rela\u00e7\u00e3o ao v\u00edrus H3N2, foram registrados 412 casos e 58 \u00f3bitos. Al\u00e9m disso, foram 219 registros de influenza B, com 27 \u00f3bitos e os outros 195 de influenza A n\u00e3o subtipado, com 32 \u00f3bitos.<\/p>\n<p>Entre as mortes em decorr\u00eancia dos v\u00edrus da influenza, a mediana da idade foi de 50 anos. A taxa de mortalidade por influenza no Brasil est\u00e1 em 0,16% para cada 100.000 habitantes. Dos 335 indiv\u00edduos que foram a \u00f3bito por influenza, 235 (70,1%) apresentaram pelo menos um fator de risco para complica\u00e7\u00e3o, com destaque para adultos maiores de 60 anos: cardiopatas, diabetes mellitus e pneumopatas. Esse p\u00fablico \u00e9 considerado de risco para a doen\u00e7a, por isso a vacina contra a gripe \u00e9 garantida gratuitamente no\u00a0<a href=\"http:\/\/www.saude.mg.gov.br\/sus\" target=\"_blank\" rel=\"noopener\"><strong>Sistema \u00danico de Sa\u00fade (SUS)<\/strong><\/a>.<\/p>\n<div>\n<div>\n<table border=\"1\" cellspacing=\"0\" cellpadding=\"0\">\n<tbody>\n<tr>\n<td nowrap=\"nowrap\"><strong>UF<\/strong><\/td>\n<td nowrap=\"nowrap\"><strong>Doses aplicadas<\/strong><\/td>\n<td nowrap=\"nowrap\"><strong>Cobertura vacinal<\/strong><\/td>\n<\/tr>\n<tr>\n<td nowrap=\"nowrap\"><strong>RO<\/strong><\/td>\n<td nowrap=\"nowrap\">195.986<\/td>\n<td nowrap=\"nowrap\">51,3%<\/td>\n<\/tr>\n<tr>\n<td nowrap=\"nowrap\"><strong>AC<\/strong><\/td>\n<td nowrap=\"nowrap\">113.532<\/td>\n<td nowrap=\"nowrap\">52%<\/td>\n<\/tr>\n<tr>\n<td nowrap=\"nowrap\"><strong>AM<\/strong><\/td>\n<td nowrap=\"nowrap\">539.259<\/td>\n<td nowrap=\"nowrap\">51,9%<\/td>\n<\/tr>\n<tr>\n<td nowrap=\"nowrap\"><strong>RR<\/strong><\/td>\n<td nowrap=\"nowrap\">59.852<\/td>\n<td nowrap=\"nowrap\">32,54%<\/td>\n<\/tr>\n<tr>\n<td nowrap=\"nowrap\"><strong>PA<\/strong><\/td>\n<td nowrap=\"nowrap\">1.030.912<\/td>\n<td nowrap=\"nowrap\">53,7%<\/td>\n<\/tr>\n<tr>\n<td nowrap=\"nowrap\"><strong>AP<\/strong><\/td>\n<td nowrap=\"nowrap\">154.950<\/td>\n<td nowrap=\"nowrap\">90,9%<\/td>\n<\/tr>\n<tr>\n<td nowrap=\"nowrap\"><strong>TO<\/strong><\/td>\n<td nowrap=\"nowrap\">291.837<\/td>\n<td nowrap=\"nowrap\">77,2%<\/td>\n<\/tr>\n<tr>\n<td nowrap=\"nowrap\"><strong>MA<\/strong><\/td>\n<td nowrap=\"nowrap\">1.120.715<\/td>\n<td nowrap=\"nowrap\">65,2%<\/td>\n<\/tr>\n<tr>\n<td nowrap=\"nowrap\"><strong>PI<\/strong><\/td>\n<td nowrap=\"nowrap\">530.921<\/td>\n<td nowrap=\"nowrap\">64,4%<\/td>\n<\/tr>\n<tr>\n<td nowrap=\"nowrap\"><strong>CE<\/strong><\/td>\n<td nowrap=\"nowrap\">1.952.225<\/td>\n<td nowrap=\"nowrap\">83,9%<\/td>\n<\/tr>\n<tr>\n<td nowrap=\"nowrap\"><strong>RN<\/strong><\/td>\n<td nowrap=\"nowrap\">635.187<\/td>\n<td nowrap=\"nowrap\">69,6%<\/td>\n<\/tr>\n<tr>\n<td nowrap=\"nowrap\"><strong>PB<\/strong><\/td>\n<td nowrap=\"nowrap\">753.188<\/td>\n<td nowrap=\"nowrap\">70,3%<\/td>\n<\/tr>\n<tr>\n<td nowrap=\"nowrap\"><strong>PE<\/strong><\/td>\n<td nowrap=\"nowrap\">1.644.377<\/td>\n<td nowrap=\"nowrap\">68,1%<\/td>\n<\/tr>\n<tr>\n<td nowrap=\"nowrap\"><strong>AL<\/strong><\/td>\n<td nowrap=\"nowrap\">584.956<\/td>\n<td nowrap=\"nowrap\">73,5%<\/td>\n<\/tr>\n<tr>\n<td nowrap=\"nowrap\"><strong>SE<\/strong><\/td>\n<td nowrap=\"nowrap\">328.482<\/td>\n<td nowrap=\"nowrap\">63,7%<\/td>\n<\/tr>\n<tr>\n<td nowrap=\"nowrap\"><strong>BA<\/strong><\/td>\n<td nowrap=\"nowrap\">2.353.825<\/td>\n<td nowrap=\"nowrap\">65,7%<\/td>\n<\/tr>\n<tr>\n<td nowrap=\"nowrap\"><strong>MG<\/strong><\/td>\n<td nowrap=\"nowrap\">4.091.745<\/td>\n<td nowrap=\"nowrap\">73,5%<\/td>\n<\/tr>\n<tr>\n<td nowrap=\"nowrap\"><strong>ES<\/strong><\/td>\n<td nowrap=\"nowrap\">737.866<\/td>\n<td nowrap=\"nowrap\">77,4%<\/td>\n<\/tr>\n<tr>\n<td nowrap=\"nowrap\"><strong>RJ<\/strong><\/td>\n<td nowrap=\"nowrap\">2.163.345<\/td>\n<td nowrap=\"nowrap\">47,6%<\/td>\n<\/tr>\n<tr>\n<td nowrap=\"nowrap\"><strong>SP<\/strong><\/td>\n<td nowrap=\"nowrap\">7.087.393<\/td>\n<td nowrap=\"nowrap\">58,3%<\/td>\n<\/tr>\n<tr>\n<td nowrap=\"nowrap\"><strong>PR<\/strong><\/td>\n<td nowrap=\"nowrap\">2.253.011<\/td>\n<td nowrap=\"nowrap\">74,5%<\/td>\n<\/tr>\n<tr>\n<td nowrap=\"nowrap\"><strong>SC<\/strong><\/td>\n<td nowrap=\"nowrap\">1.334.845<\/td>\n<td nowrap=\"nowrap\">72,2%<\/td>\n<\/tr>\n<tr>\n<td nowrap=\"nowrap\"><strong>RS<\/strong><\/td>\n<td nowrap=\"nowrap\">2.395.496<\/td>\n<td nowrap=\"nowrap\">69,6%<\/td>\n<\/tr>\n<tr>\n<td nowrap=\"nowrap\"><strong>MS<\/strong><\/td>\n<td nowrap=\"nowrap\">492.890<\/td>\n<td nowrap=\"nowrap\">67,6%<\/td>\n<\/tr>\n<tr>\n<td nowrap=\"nowrap\"><strong>MT<\/strong><\/td>\n<td nowrap=\"nowrap\">557.417<\/td>\n<td nowrap=\"nowrap\">70,1%<\/td>\n<\/tr>\n<tr>\n<td nowrap=\"nowrap\"><strong>GO<\/strong><\/td>\n<td nowrap=\"nowrap\">1.673.850<\/td>\n<td nowrap=\"nowrap\">99,8%<\/td>\n<\/tr>\n<tr>\n<td nowrap=\"nowrap\"><strong>DF<\/strong><\/td>\n<td nowrap=\"nowrap\">576.794<\/td>\n<td nowrap=\"nowrap\">78,5%<\/td>\n<\/tr>\n<tr>\n<td nowrap=\"nowrap\"><strong>BRASIL<\/strong><\/td>\n<td nowrap=\"nowrap\"><strong>35.654.856<\/strong><\/td>\n<td nowrap=\"nowrap\"><strong>66%<\/strong><\/td>\n<\/tr>\n<\/tbody>\n<\/table>\n<\/div>\n<\/div>\n<p>Fonte: Ag\u00eancia Minas<\/p>\n","protected":false},"excerpt":{"rendered":"<p>A\u00a0Campanha Nacional de Vacina\u00e7\u00e3o contra a Gripe\u00a0ser\u00e1 prorrogada at\u00e9 o dia 15 de junho em todo o pa\u00eds. A recomenda\u00e7\u00e3o do\u00a0Minist\u00e9rio da Sa\u00fade, enviada aos gestores locais nessa ter\u00e7a-feira, 29, foi adotada em decorr\u00eancia dos poss\u00edveis impactos da paralisa\u00e7\u00e3o dos caminhoneiros no transporte p\u00fablico e nos atendimentos em servi\u00e7os de sa\u00fade. A campanha estava prevista [&hellip;]<\/p>\n","protected":false},"author":96,"featured_media":106356,"comment_status":"closed","ping_status":"closed","sticky":false,"template":"","format":"standard","meta":{"footnotes":""},"categories":[302,436,439],"tags":[],"class_list":["post-106355","post","type-post","status-publish","format-standard","has-post-thumbnail","hentry","category-brasil-mundo","category-destaque-da-semana","category-ultima-hora"],"_links":{"self":[{"href":"https:\/\/diarioregionaldigital.com.br\/index.php?rest_route=\/wp\/v2\/posts\/106355","targetHints":{"allow":["GET"]}}],"collection":[{"href":"https:\/\/diarioregionaldigital.com.br\/index.php?rest_route=\/wp\/v2\/posts"}],"about":[{"href":"https:\/\/diarioregionaldigital.com.br\/index.php?rest_route=\/wp\/v2\/types\/post"}],"author":[{"embeddable":true,"href":"https:\/\/diarioregionaldigital.com.br\/index.php?rest_route=\/wp\/v2\/users\/96"}],"replies":[{"embeddable":true,"href":"https:\/\/diarioregionaldigital.com.br\/index.php?rest_route=%2Fwp%2Fv2%2Fcomments&post=106355"}],"version-history":[{"count":0,"href":"https:\/\/diarioregionaldigital.com.br\/index.php?rest_route=\/wp\/v2\/posts\/106355\/revisions"}],"wp:featuredmedia":[{"embeddable":true,"href":"https:\/\/diarioregionaldigital.com.br\/index.php?rest_route=\/wp\/v2\/media\/106356"}],"wp:attachment":[{"href":"https:\/\/diarioregionaldigital.com.br\/index.php?rest_route=%2Fwp%2Fv2%2Fmedia&parent=106355"}],"wp:term":[{"taxonomy":"category","embeddable":true,"href":"https:\/\/diarioregionaldigital.com.br\/index.php?rest_route=%2Fwp%2Fv2%2Fcategories&post=106355"},{"taxonomy":"post_tag","embeddable":true,"href":"https:\/\/diarioregionaldigital.com.br\/index.php?rest_route=%2Fwp%2Fv2%2Ftags&post=106355"}],"curies":[{"name":"wp","href":"https:\/\/api.w.org\/{rel}","templated":true}]}}