{"id":106347,"date":"2018-05-30T10:41:47","date_gmt":"2018-05-30T13:41:47","guid":{"rendered":"http:\/\/diarioregionaljf.com.br\/?p=106347"},"modified":"2018-05-30T10:41:47","modified_gmt":"2018-05-30T13:41:47","slug":"gas-de-cozinha-volta-a-ser-vendido-em-8-estabelecimentos-de-jf","status":"publish","type":"post","link":"https:\/\/diarioregionaldigital.com.br\/?p=106347","title":{"rendered":"G\u00e1s de cozinha volta a ser vendido em 8 estabelecimentos de JF"},"content":{"rendered":"<p>A Prefeitura informa a rela\u00e7\u00e3o, repassada pelas distribuidoras de g\u00e1s de cozinha de Juiz de Fora, sobre os\u00a0 locais que est\u00e3o abastecidos com o produto na manh\u00e3 desta quarta-feira, 30.\u00a0 A carga chegou no comboio de 39 caminh\u00f5es esta madrugada em Juiz de Fora. A venda dever\u00e1 seguir o decreto de situa\u00e7\u00e3o de emerg\u00eancia determinado pelo prefeito Ant\u00f4nio Almas, com prioridade para o atendimento de servi\u00e7os essenciais e limite estabelecido de um botij\u00e3o por unidade residencial<\/p>\n<p>Seguem os endere\u00e7os dos estabelecimentos:<\/p>\n<p>Av Sime\u00e3o de Faria 120, Bairro Nova Era.<\/p>\n<p>Rua Vi\u00e7osa 103, Bairro Democrata<\/p>\n<p>Rua Miguel Jos\u00e9 Mansur 55, Bairro Cascatinha<\/p>\n<p>Av Jk 3045,Bairro Barbosa Lage<\/p>\n<p>Rua Aleixo Magaldi 85 , Bairro Jk<\/p>\n<p>Rua Quarto mirante 22, Bairro Jardim dos Alfineiros<\/p>\n<p>Rua Maria de Lurdes\u00a0 lote 13, Bairro Grama<\/p>\n<p>Rua Jesus Raimundo 621, Bairro Teixeiras<\/p>\n<p>&nbsp;<\/p>\n<p>Fonte: Assessoria \/ PJF<\/p>\n","protected":false},"excerpt":{"rendered":"<p>A Prefeitura informa a rela\u00e7\u00e3o, repassada pelas distribuidoras de g\u00e1s de cozinha de Juiz de Fora, sobre os\u00a0 locais que est\u00e3o abastecidos com o produto na manh\u00e3 desta quarta-feira, 30.\u00a0 A carga chegou no comboio de 39 caminh\u00f5es esta madrugada em Juiz de Fora. A venda dever\u00e1 seguir o decreto de situa\u00e7\u00e3o de emerg\u00eancia determinado [&hellip;]<\/p>\n","protected":false},"author":96,"featured_media":106348,"comment_status":"closed","ping_status":"closed","sticky":false,"template":"","format":"standard","meta":{"footnotes":""},"categories":[253,439],"tags":[],"class_list":["post-106347","post","type-post","status-publish","format-standard","has-post-thumbnail","hentry","category-cidade","category-ultima-hora"],"_links":{"self":[{"href":"https:\/\/diarioregionaldigital.com.br\/index.php?rest_route=\/wp\/v2\/posts\/106347","targetHints":{"allow":["GET"]}}],"collection":[{"href":"https:\/\/diarioregionaldigital.com.br\/index.php?rest_route=\/wp\/v2\/posts"}],"about":[{"href":"https:\/\/diarioregionaldigital.com.br\/index.php?rest_route=\/wp\/v2\/types\/post"}],"author":[{"embeddable":true,"href":"https:\/\/diarioregionaldigital.com.br\/index.php?rest_route=\/wp\/v2\/users\/96"}],"replies":[{"embeddable":true,"href":"https:\/\/diarioregionaldigital.com.br\/index.php?rest_route=%2Fwp%2Fv2%2Fcomments&post=106347"}],"version-history":[{"count":0,"href":"https:\/\/diarioregionaldigital.com.br\/index.php?rest_route=\/wp\/v2\/posts\/106347\/revisions"}],"wp:featuredmedia":[{"embeddable":true,"href":"https:\/\/diarioregionaldigital.com.br\/index.php?rest_route=\/wp\/v2\/media\/106348"}],"wp:attachment":[{"href":"https:\/\/diarioregionaldigital.com.br\/index.php?rest_route=%2Fwp%2Fv2%2Fmedia&parent=106347"}],"wp:term":[{"taxonomy":"category","embeddable":true,"href":"https:\/\/diarioregionaldigital.com.br\/index.php?rest_route=%2Fwp%2Fv2%2Fcategories&post=106347"},{"taxonomy":"post_tag","embeddable":true,"href":"https:\/\/diarioregionaldigital.com.br\/index.php?rest_route=%2Fwp%2Fv2%2Ftags&post=106347"}],"curies":[{"name":"wp","href":"https:\/\/api.w.org\/{rel}","templated":true}]}}