{"id":106336,"date":"2018-05-30T11:38:50","date_gmt":"2018-05-30T14:38:50","guid":{"rendered":"http:\/\/diarioregionaljf.com.br\/?p=106336"},"modified":"2018-05-30T11:39:17","modified_gmt":"2018-05-30T14:39:17","slug":"dupla-armada-com-faca-assalta-rapaz-no-bairro-santa-catarina","status":"publish","type":"post","link":"https:\/\/diarioregionaldigital.com.br\/?p=106336","title":{"rendered":"Dupla armada com faca assalta rapaz no bairro Santa Catarina"},"content":{"rendered":"<p>Um rapaz de 18 anos foi assaltado por dois indiv\u00edduos, um deles portando uma faca, no bairro Santa Catarina, regi\u00e3o Noroeste, na madrugada desta quarta-feira, 30.<\/p>\n<p>O jovem relatou \u00e0 Pol\u00edcia Militar (PM) que transitava pela Rua Catulo Breviglieri quando foi abordado pelos autores. Ap\u00f3s anunciarem o assalto, os \u00a0\u00a0indiv\u00edduos subtra\u00edram o aparelho celular e a quantia de R$32 do jovem. A dupla fugiu sentido \u00e0 Rua dos Artistas.<\/p>\n<p>&nbsp;<\/p>\n<p><strong><span style=\"font-size: 12pt;\">ZONA OESTE<\/span><\/strong><\/p>\n<p>No bairro S\u00e3o Pedro, zona Oeste, um idoso de 63 anos sofreu arranh\u00f5es ao ser assaltado por tr\u00eas indiv\u00edduos. A v\u00edtima caminhava pelo campus da Universidade Federal de Juiz de Fora (UFJF), na tarde dessa ter\u00e7a-feira, 29, quando foi surpreendida pelos suspeitos, que sa\u00edram do meio do mato e anunciaram o assalto.<\/p>\n<p>Um dos autores arrancou um cord\u00e3o do pesco\u00e7o do idoso, que ficou com arranh\u00f5es e teve a camisa rasgada. Ap\u00f3s o crime os autores fugiram a p\u00e9, sentido ao bairro Dom Bosco.<\/p>\n<p>A v\u00edtima foi orientada sobre as demais provid\u00eancias a serem tomadas.<\/p>\n","protected":false},"excerpt":{"rendered":"<p>Um rapaz de 18 anos foi assaltado por dois indiv\u00edduos, um deles portando uma faca, no bairro Santa Catarina, regi\u00e3o Noroeste, na madrugada desta quarta-feira, 30. O jovem relatou \u00e0 Pol\u00edcia Militar (PM) que transitava pela Rua Catulo Breviglieri quando foi abordado pelos autores. Ap\u00f3s anunciarem o assalto, os \u00a0\u00a0indiv\u00edduos subtra\u00edram o aparelho celular e [&hellip;]<\/p>\n","protected":false},"author":96,"featured_media":95836,"comment_status":"closed","ping_status":"closed","sticky":false,"template":"","format":"standard","meta":{"footnotes":""},"categories":[301,439],"tags":[],"class_list":["post-106336","post","type-post","status-publish","format-standard","has-post-thumbnail","hentry","category-artigos-policiais","category-ultima-hora"],"_links":{"self":[{"href":"https:\/\/diarioregionaldigital.com.br\/index.php?rest_route=\/wp\/v2\/posts\/106336","targetHints":{"allow":["GET"]}}],"collection":[{"href":"https:\/\/diarioregionaldigital.com.br\/index.php?rest_route=\/wp\/v2\/posts"}],"about":[{"href":"https:\/\/diarioregionaldigital.com.br\/index.php?rest_route=\/wp\/v2\/types\/post"}],"author":[{"embeddable":true,"href":"https:\/\/diarioregionaldigital.com.br\/index.php?rest_route=\/wp\/v2\/users\/96"}],"replies":[{"embeddable":true,"href":"https:\/\/diarioregionaldigital.com.br\/index.php?rest_route=%2Fwp%2Fv2%2Fcomments&post=106336"}],"version-history":[{"count":0,"href":"https:\/\/diarioregionaldigital.com.br\/index.php?rest_route=\/wp\/v2\/posts\/106336\/revisions"}],"wp:featuredmedia":[{"embeddable":true,"href":"https:\/\/diarioregionaldigital.com.br\/index.php?rest_route=\/wp\/v2\/media\/95836"}],"wp:attachment":[{"href":"https:\/\/diarioregionaldigital.com.br\/index.php?rest_route=%2Fwp%2Fv2%2Fmedia&parent=106336"}],"wp:term":[{"taxonomy":"category","embeddable":true,"href":"https:\/\/diarioregionaldigital.com.br\/index.php?rest_route=%2Fwp%2Fv2%2Fcategories&post=106336"},{"taxonomy":"post_tag","embeddable":true,"href":"https:\/\/diarioregionaldigital.com.br\/index.php?rest_route=%2Fwp%2Fv2%2Ftags&post=106336"}],"curies":[{"name":"wp","href":"https:\/\/api.w.org\/{rel}","templated":true}]}}