{"id":106335,"date":"2018-05-30T09:58:34","date_gmt":"2018-05-30T12:58:34","guid":{"rendered":"http:\/\/diarioregionaljf.com.br\/?p=106335"},"modified":"2018-05-30T10:03:30","modified_gmt":"2018-05-30T13:03:30","slug":"mesmo-com-liminar-do-tst-petroleiros-deflagram-paralisacao-hoje","status":"publish","type":"post","link":"https:\/\/diarioregionaldigital.com.br\/?p=106335","title":{"rendered":"Mesmo com liminar do TST, petroleiros deflagram paralisa\u00e7\u00e3o hoje"},"content":{"rendered":"<p>A Federa\u00e7\u00e3o \u00danica dos Petroleiros (FUP)\u00a0 anunciou nesta quarta-feira, 30, que, mesmo com a liminar do Tribunal Superior do Trabalho (TST) que considerou a greve abusiva, a paralisa\u00e7\u00e3o da categoria foi iniciada e atinge refinarias, terminais e plataformas da Bacia de Campos. O movimento programou atos e manifesta\u00e7\u00f5es ao longo do dia.<\/p>\n<p>Pelo balan\u00e7o da FUP, os trabalhadores cruzaram os bra\u00e7os nas refinarias de Manaus (Reman), Abreu e Lima (Pernambuco), Regap (Minas Gerais), Duque de Caxias (Reduc), Paul\u00ednia (Replan), Capuava (Recap), Arauc\u00e1ria (Repar), Refap (RS), al\u00e9m da F\u00e1brica de Lubrificantes do Cear\u00e1 (Lubnor), da Arauc\u00e1ria Nitrogenados (Fafen-PR) e da unidade de xisto do Paran\u00e1 (SIX).<\/p>\n<p>A FUP informou que n\u00e3o houve troca dos turnos da 0h nos terminais de Suape (PE) e de Paranagu\u00e1 (PR). Segundo a federa\u00e7\u00e3o, na Bacia de Campo os trabalhadores tamb\u00e9m aderiram \u00e0 paralisa\u00e7\u00e3o em diversas plataformas.<\/p>\n<p><strong>Reivindica\u00e7\u00f5es<\/strong><\/p>\n<p>Os petroleiros afirmam que o movimento \u00e9 uma rea\u00e7\u00e3o \u00e0 pol\u00edtica de pre\u00e7os dos combust\u00edveis, de cr\u00edtica \u00e0 gest\u00e3o na Petrobras e contra os valores cobrados no g\u00e1s de cozinha e nos combust\u00edveis.<\/p>\n<p>A paralisa\u00e7\u00e3o dos petroleiros ocorre tr\u00eas dias depois de o presidente Michel Temer e equipe negociarem um acordo com os caminhoneiros. Por mais de uma semana, os caminhoneiros pararam o pa\u00eds, provocando desabastecimento nos postos de gasolina, supermercados e preju\u00edzos \u00e0 economia.<\/p>\n<p>Fonte: Ag\u00eancia Brasil<\/p>\n","protected":false},"excerpt":{"rendered":"<p>A Federa\u00e7\u00e3o \u00danica dos Petroleiros (FUP)\u00a0 anunciou nesta quarta-feira, 30, que, mesmo com a liminar do Tribunal Superior do Trabalho (TST) que considerou a greve abusiva, a paralisa\u00e7\u00e3o da categoria foi iniciada e atinge refinarias, terminais e plataformas da Bacia de Campos. O movimento programou atos e manifesta\u00e7\u00f5es ao longo do dia. Pelo balan\u00e7o da [&hellip;]<\/p>\n","protected":false},"author":96,"featured_media":106342,"comment_status":"closed","ping_status":"closed","sticky":false,"template":"","format":"standard","meta":{"footnotes":""},"categories":[302,436,439],"tags":[],"class_list":["post-106335","post","type-post","status-publish","format-standard","has-post-thumbnail","hentry","category-brasil-mundo","category-destaque-da-semana","category-ultima-hora"],"_links":{"self":[{"href":"https:\/\/diarioregionaldigital.com.br\/index.php?rest_route=\/wp\/v2\/posts\/106335","targetHints":{"allow":["GET"]}}],"collection":[{"href":"https:\/\/diarioregionaldigital.com.br\/index.php?rest_route=\/wp\/v2\/posts"}],"about":[{"href":"https:\/\/diarioregionaldigital.com.br\/index.php?rest_route=\/wp\/v2\/types\/post"}],"author":[{"embeddable":true,"href":"https:\/\/diarioregionaldigital.com.br\/index.php?rest_route=\/wp\/v2\/users\/96"}],"replies":[{"embeddable":true,"href":"https:\/\/diarioregionaldigital.com.br\/index.php?rest_route=%2Fwp%2Fv2%2Fcomments&post=106335"}],"version-history":[{"count":0,"href":"https:\/\/diarioregionaldigital.com.br\/index.php?rest_route=\/wp\/v2\/posts\/106335\/revisions"}],"wp:featuredmedia":[{"embeddable":true,"href":"https:\/\/diarioregionaldigital.com.br\/index.php?rest_route=\/wp\/v2\/media\/106342"}],"wp:attachment":[{"href":"https:\/\/diarioregionaldigital.com.br\/index.php?rest_route=%2Fwp%2Fv2%2Fmedia&parent=106335"}],"wp:term":[{"taxonomy":"category","embeddable":true,"href":"https:\/\/diarioregionaldigital.com.br\/index.php?rest_route=%2Fwp%2Fv2%2Fcategories&post=106335"},{"taxonomy":"post_tag","embeddable":true,"href":"https:\/\/diarioregionaldigital.com.br\/index.php?rest_route=%2Fwp%2Fv2%2Ftags&post=106335"}],"curies":[{"name":"wp","href":"https:\/\/api.w.org\/{rel}","templated":true}]}}