{"id":106330,"date":"2018-05-30T09:24:21","date_gmt":"2018-05-30T12:24:21","guid":{"rendered":"http:\/\/diarioregionaljf.com.br\/?p=106330"},"modified":"2018-05-30T09:25:16","modified_gmt":"2018-05-30T12:25:16","slug":"idosa-e-encontrada-morta-em-residencia-no-sao-geraldo","status":"publish","type":"post","link":"https:\/\/diarioregionaldigital.com.br\/?p=106330","title":{"rendered":"Idosa \u00e9 encontrada morta em resid\u00eancia no S\u00e3o Geraldo"},"content":{"rendered":"<p>Uma idosa de 72 anos foi encontrada morta, em casa, na Rua Jo\u00e3o D&#8217;Agosto, bairro S\u00e3o Geraldo, zona Sul da cidade, na manh\u00e3 dessa ter\u00e7a-feira, 29. O corpo da v\u00edtima j\u00e1 estava em estado de decomposi\u00e7\u00e3o.<\/p>\n<p>A Pol\u00edcia Militar (PM) compareceu ao local ap\u00f3s ser acionada por uma vizinha da idosa. A mulher relatou que, ao se deslocar para a casa da v\u00edtima naquela manh\u00e3, visualizou, atrav\u00e9s da grade da porta, que havia v\u00e1rios objetos jogados e que a senhora estava ca\u00edda no ch\u00e3o, aparentemente sem vida.<\/p>\n<p>Conforme a PM, ao entrar na resid\u00eancia os militares constataram que a mesma estava totalmente revirada e com objetos ca\u00eddos pelo ch\u00e3o, aparentando ter ocorrido luta corporal no local. Ainda segundo informa\u00e7\u00f5es da corpora\u00e7\u00e3o, a idosa estava semi-despida.<\/p>\n<p>Peritos foram acionados e, ap\u00f3s os levantamentos de praxe, liberaram o corpo da idosa para o Instituto M\u00e9dico Legal (IML). De acordo com a Pol\u00edcia Militar, devido ao estado de decomposi\u00e7\u00e3o da v\u00edtima, n\u00e3o foi poss\u00edvel determinar a causa da morte no momento da per\u00edcia, sendo necess\u00e1rios maiores dados t\u00e9cnicos.<\/p>\n","protected":false},"excerpt":{"rendered":"<p>Uma idosa de 72 anos foi encontrada morta, em casa, na Rua Jo\u00e3o D&#8217;Agosto, bairro S\u00e3o Geraldo, zona Sul da cidade, na manh\u00e3 dessa ter\u00e7a-feira, 29. O corpo da v\u00edtima j\u00e1 estava em estado de decomposi\u00e7\u00e3o. A Pol\u00edcia Militar (PM) compareceu ao local ap\u00f3s ser acionada por uma vizinha da idosa. A mulher relatou que, [&hellip;]<\/p>\n","protected":false},"author":96,"featured_media":97342,"comment_status":"closed","ping_status":"closed","sticky":false,"template":"","format":"standard","meta":{"footnotes":""},"categories":[301,439],"tags":[],"class_list":["post-106330","post","type-post","status-publish","format-standard","has-post-thumbnail","hentry","category-artigos-policiais","category-ultima-hora"],"_links":{"self":[{"href":"https:\/\/diarioregionaldigital.com.br\/index.php?rest_route=\/wp\/v2\/posts\/106330","targetHints":{"allow":["GET"]}}],"collection":[{"href":"https:\/\/diarioregionaldigital.com.br\/index.php?rest_route=\/wp\/v2\/posts"}],"about":[{"href":"https:\/\/diarioregionaldigital.com.br\/index.php?rest_route=\/wp\/v2\/types\/post"}],"author":[{"embeddable":true,"href":"https:\/\/diarioregionaldigital.com.br\/index.php?rest_route=\/wp\/v2\/users\/96"}],"replies":[{"embeddable":true,"href":"https:\/\/diarioregionaldigital.com.br\/index.php?rest_route=%2Fwp%2Fv2%2Fcomments&post=106330"}],"version-history":[{"count":0,"href":"https:\/\/diarioregionaldigital.com.br\/index.php?rest_route=\/wp\/v2\/posts\/106330\/revisions"}],"wp:featuredmedia":[{"embeddable":true,"href":"https:\/\/diarioregionaldigital.com.br\/index.php?rest_route=\/wp\/v2\/media\/97342"}],"wp:attachment":[{"href":"https:\/\/diarioregionaldigital.com.br\/index.php?rest_route=%2Fwp%2Fv2%2Fmedia&parent=106330"}],"wp:term":[{"taxonomy":"category","embeddable":true,"href":"https:\/\/diarioregionaldigital.com.br\/index.php?rest_route=%2Fwp%2Fv2%2Fcategories&post=106330"},{"taxonomy":"post_tag","embeddable":true,"href":"https:\/\/diarioregionaldigital.com.br\/index.php?rest_route=%2Fwp%2Fv2%2Ftags&post=106330"}],"curies":[{"name":"wp","href":"https:\/\/api.w.org\/{rel}","templated":true}]}}