{"id":106317,"date":"2018-05-30T01:47:00","date_gmt":"2018-05-30T04:47:00","guid":{"rendered":"http:\/\/diarioregionaljf.com.br\/?p=106317"},"modified":"2018-05-30T01:47:00","modified_gmt":"2018-05-30T04:47:00","slug":"salah-tem-previsao-de-tres-a-quatro-semana-para-voltar-a-jogar","status":"publish","type":"post","link":"https:\/\/diarioregionaldigital.com.br\/?p=106317","title":{"rendered":"Salah tem previs\u00e3o de tr\u00eas a quatro semana para voltar a jogar"},"content":{"rendered":"<p>O atacante\u00a0Mohamed Salah, do\u00a0Liverpool, chegou \u00e0 Espanha na ter\u00e7a-feira, 29, para dar in\u00edcio ao processo de tratamento de uma entorse no ombro.<\/p>\n<p>De acordo com o jornal\u00a0L\u2019\u00c9quipe. Segundo a publica\u00e7\u00e3o francesa, um dos fisioterapeutas do\u00a0Liverpool que reavaliou o jogador eg\u00edpcio informou que o ponta precisar\u00e1 de \u201ctr\u00eas a quatro semanas\u201d para se recuperar de les\u00e3o no ombro sofrida na final da\u00a0Liga dos Campe\u00f5es.<\/p>\n<p>Se o jogador de 25 anos ficar tr\u00eas semanas sem jogar, ele s\u00f3 poder\u00e1 voltar a campo no dia 16 de junho, perdendo a estreia do Egito no Mundial da R\u00fassia contra o Uruguai. Contudo, caso o per\u00edodo se estenda para quatro semanas, ele tamb\u00e9m perderia o confronto contra a R\u00fassia. Dessa forma, s\u00f3 sobraria a partida contra a Ar\u00e1bia Saudita para fechar a fase de grupos e, dependendo dos dois primeiros resultados, o jogo pode n\u00e3o valer muita coisa.<\/p>\n<p>&nbsp;<\/p>\n<p>Salah sofreu a les\u00e3o em uma disputa de bola com o zagueiro\u00a0S\u00e9rgio Ramos, do Real Madrid, durante a final da\u00a0 Liga dos Campe\u00f5es da Europa. O jogador tenta se recuperar a tempo de participar da estreia da\u00a0\u00a0sele\u00e7\u00e3o do Egito na\u00a0 Copa do Mundo, no dia 15 de junho, contra o\u00a0Uruguai.<\/p>\n","protected":false},"excerpt":{"rendered":"<p>O atacante\u00a0Mohamed Salah, do\u00a0Liverpool, chegou \u00e0 Espanha na ter\u00e7a-feira, 29, para dar in\u00edcio ao processo de tratamento de uma entorse no ombro. De acordo com o jornal\u00a0L\u2019\u00c9quipe. Segundo a publica\u00e7\u00e3o francesa, um dos fisioterapeutas do\u00a0Liverpool que reavaliou o jogador eg\u00edpcio informou que o ponta precisar\u00e1 de \u201ctr\u00eas a quatro semanas\u201d para se recuperar de les\u00e3o [&hellip;]<\/p>\n","protected":false},"author":96,"featured_media":106318,"comment_status":"closed","ping_status":"closed","sticky":false,"template":"","format":"standard","meta":{"footnotes":""},"categories":[257,439],"tags":[],"class_list":["post-106317","post","type-post","status-publish","format-standard","has-post-thumbnail","hentry","category-esporte","category-ultima-hora"],"_links":{"self":[{"href":"https:\/\/diarioregionaldigital.com.br\/index.php?rest_route=\/wp\/v2\/posts\/106317","targetHints":{"allow":["GET"]}}],"collection":[{"href":"https:\/\/diarioregionaldigital.com.br\/index.php?rest_route=\/wp\/v2\/posts"}],"about":[{"href":"https:\/\/diarioregionaldigital.com.br\/index.php?rest_route=\/wp\/v2\/types\/post"}],"author":[{"embeddable":true,"href":"https:\/\/diarioregionaldigital.com.br\/index.php?rest_route=\/wp\/v2\/users\/96"}],"replies":[{"embeddable":true,"href":"https:\/\/diarioregionaldigital.com.br\/index.php?rest_route=%2Fwp%2Fv2%2Fcomments&post=106317"}],"version-history":[{"count":0,"href":"https:\/\/diarioregionaldigital.com.br\/index.php?rest_route=\/wp\/v2\/posts\/106317\/revisions"}],"wp:featuredmedia":[{"embeddable":true,"href":"https:\/\/diarioregionaldigital.com.br\/index.php?rest_route=\/wp\/v2\/media\/106318"}],"wp:attachment":[{"href":"https:\/\/diarioregionaldigital.com.br\/index.php?rest_route=%2Fwp%2Fv2%2Fmedia&parent=106317"}],"wp:term":[{"taxonomy":"category","embeddable":true,"href":"https:\/\/diarioregionaldigital.com.br\/index.php?rest_route=%2Fwp%2Fv2%2Fcategories&post=106317"},{"taxonomy":"post_tag","embeddable":true,"href":"https:\/\/diarioregionaldigital.com.br\/index.php?rest_route=%2Fwp%2Fv2%2Ftags&post=106317"}],"curies":[{"name":"wp","href":"https:\/\/api.w.org\/{rel}","templated":true}]}}