{"id":106314,"date":"2018-05-30T01:41:08","date_gmt":"2018-05-30T04:41:08","guid":{"rendered":"http:\/\/diarioregionaljf.com.br\/?p=106314"},"modified":"2018-05-30T01:41:08","modified_gmt":"2018-05-30T04:41:08","slug":"cbv-divulga-convocacao-da-selecao-feminina-de-volei-para-copa-pan-americana","status":"publish","type":"post","link":"https:\/\/diarioregionaldigital.com.br\/?p=106314","title":{"rendered":"CBV divulga convoca\u00e7\u00e3o da Sele\u00e7\u00e3o Feminina de V\u00f4lei para Copa Pan-Americana"},"content":{"rendered":"<p>A Confedera\u00e7\u00e3o Brasileira de Voleibol (CBV) divulgou, a convoca\u00e7\u00e3o da sele\u00e7\u00e3o feminina de v\u00f4lei para a disputa da Copa Pan-Americana. A competi\u00e7\u00e3o ser\u00e1 disputada entre os dias seis e 15 de julho, na Rep\u00fablica Dominicana. As 17 jogadoras convocadas se apresentar\u00e3o no Centro de Desenvolvimento de Voleibol (CDV) nesta segunda-feira, 4. O grupo brasileiro ser\u00e1 comandado pelo treinador Wagner Coppini, o Wag\u00e3o, auxiliar t\u00e9cnico do tricampe\u00e3o ol\u00edmpico Jos\u00e9 Roberto Guimar\u00e3es.<\/p>\n<p>Foram chamadas as levantadoras Dani Lins, Claudinha e Juma, as opostas Ana Paula Borgo e Bruna Hon\u00f3rio, as ponteiras Pri Daroit, Maira, Edinara, Ellen e Kasiely, as centrais Thaisa, Mara, Lara, Milka e Fran e as l\u00edberos T\u00e1ssia e Natinha.<\/p>\n<p>Depois desta competi\u00e7\u00e3o, a sele\u00e7\u00e3o feminina disputar\u00e1 outras duas competi\u00e7\u00f5es em 2018: Montreux Volley Masters, entre os dias 4 e 9 de setembro, al\u00e9m do Campeonato Mundial de 29 de setembro a 20 de outubro.<\/p>\n<p><strong>Convocadas:<\/strong><\/p>\n<p>Levantadoras:<\/p>\n<p>Claudinha (Dentil\/Praia Clube (MG))<br \/>\nDani Lins (Sem clube)<br \/>\nJuma (V\u00f4lei Bauru (SP))<\/p>\n<p>Opostas:<\/p>\n<p>Bruna Hon\u00f3rio (Pinheiros (SP))<br \/>\nAna Paula Borgo (V\u00f4lei Nestl\u00e9 (SP))<\/p>\n<p>Ponteiras:<\/p>\n<p>Edinara (Hinode Barueri (SP))<br \/>\nEllen (Dentil\/Praia Clube (MG))<br \/>\nKasiely (Sesc RJ)<br \/>\nPri Daroit (Camponesa\/Minas)<br \/>\nMaira (Pinheiros (SP))<\/p>\n<p>Centrais<\/p>\n<p>Thaisa (Hinode Barueri (SP))<br \/>\nMara (Camponesa\/Minas)<br \/>\nLara (Fluminense (RJ))<br \/>\nMilka (Pinheiros (SP))<br \/>\nFrancynnne (Hinode Barueri (SP))<\/p>\n<p>L\u00edberos<\/p>\n<p>T\u00e1ssia (V\u00f4lei Nestl\u00e9 (SP))<br \/>\nNatinha (Hinode Barueri (SP))<\/p>\n<p>&nbsp;<\/p>\n<p><strong>Fonte: CBV<\/strong><\/p>\n","protected":false},"excerpt":{"rendered":"<p>A Confedera\u00e7\u00e3o Brasileira de Voleibol (CBV) divulgou, a convoca\u00e7\u00e3o da sele\u00e7\u00e3o feminina de v\u00f4lei para a disputa da Copa Pan-Americana. A competi\u00e7\u00e3o ser\u00e1 disputada entre os dias seis e 15 de julho, na Rep\u00fablica Dominicana. As 17 jogadoras convocadas se apresentar\u00e3o no Centro de Desenvolvimento de Voleibol (CDV) nesta segunda-feira, 4. O grupo brasileiro ser\u00e1 [&hellip;]<\/p>\n","protected":false},"author":96,"featured_media":106315,"comment_status":"closed","ping_status":"closed","sticky":false,"template":"","format":"standard","meta":{"footnotes":""},"categories":[257,439],"tags":[],"class_list":["post-106314","post","type-post","status-publish","format-standard","has-post-thumbnail","hentry","category-esporte","category-ultima-hora"],"_links":{"self":[{"href":"https:\/\/diarioregionaldigital.com.br\/index.php?rest_route=\/wp\/v2\/posts\/106314","targetHints":{"allow":["GET"]}}],"collection":[{"href":"https:\/\/diarioregionaldigital.com.br\/index.php?rest_route=\/wp\/v2\/posts"}],"about":[{"href":"https:\/\/diarioregionaldigital.com.br\/index.php?rest_route=\/wp\/v2\/types\/post"}],"author":[{"embeddable":true,"href":"https:\/\/diarioregionaldigital.com.br\/index.php?rest_route=\/wp\/v2\/users\/96"}],"replies":[{"embeddable":true,"href":"https:\/\/diarioregionaldigital.com.br\/index.php?rest_route=%2Fwp%2Fv2%2Fcomments&post=106314"}],"version-history":[{"count":0,"href":"https:\/\/diarioregionaldigital.com.br\/index.php?rest_route=\/wp\/v2\/posts\/106314\/revisions"}],"wp:featuredmedia":[{"embeddable":true,"href":"https:\/\/diarioregionaldigital.com.br\/index.php?rest_route=\/wp\/v2\/media\/106315"}],"wp:attachment":[{"href":"https:\/\/diarioregionaldigital.com.br\/index.php?rest_route=%2Fwp%2Fv2%2Fmedia&parent=106314"}],"wp:term":[{"taxonomy":"category","embeddable":true,"href":"https:\/\/diarioregionaldigital.com.br\/index.php?rest_route=%2Fwp%2Fv2%2Fcategories&post=106314"},{"taxonomy":"post_tag","embeddable":true,"href":"https:\/\/diarioregionaldigital.com.br\/index.php?rest_route=%2Fwp%2Fv2%2Ftags&post=106314"}],"curies":[{"name":"wp","href":"https:\/\/api.w.org\/{rel}","templated":true}]}}