{"id":106307,"date":"2018-05-30T01:21:27","date_gmt":"2018-05-30T04:21:27","guid":{"rendered":"http:\/\/diarioregionaljf.com.br\/?p=106307"},"modified":"2018-05-30T01:21:27","modified_gmt":"2018-05-30T04:21:27","slug":"71a-corrida-da-fogueira-esta-com-inscricoes-abertas","status":"publish","type":"post","link":"https:\/\/diarioregionaldigital.com.br\/?p=106307","title":{"rendered":"\u201c71\u00aa Corrida da Fogueira\u201d est\u00e1 com inscri\u00e7\u00f5es abertas"},"content":{"rendered":"<p>As inscri\u00e7\u00f5es para a tradicional \u201cCorrida da Fogueira\u201d j\u00e1 est\u00e3o abertas. A 71\u00aaedi\u00e7\u00e3o da competi\u00e7\u00e3o ser\u00e1 em 21 de julho. Os interessados devem procurar a Vidativa Consultoria Esportiva, na Rua Moraes e Castro, 724, Alto dos Passos, de segunda a quinta-feira, das 7 \u00e0s 22 horas, e sextas-feiras, das 7 \u00e0s 19 horas. O quiosque em frente ao Memorial no Santa Cruz Shopping tamb\u00e9m recebe inscri\u00e7\u00f5es. O hor\u00e1rio de funcionamento do shopping \u00e9 de segunda a sexta-feira, das 9 \u00e0s 20 horas, e s\u00e1bados, das 9 \u00e0s 19 horas. At\u00e9 8 de julho, o valor da inscri\u00e7\u00e3o, com o kit, \u00e9 de R$ 80,00, e sem o kit, R$ 40,00. A partir de 9 de julho os valores ser\u00e3o reajustados, at\u00e9 o dia 15, quando encerra o prazo. O kit \u00e9 composto de camisa de manga comprida, meias e luvas personalizadas da fogueira e fones de ouvido.<\/p>\n<p>O in\u00edcio da prova ser\u00e1 \u00e0s 19h30, e os atletas percorrer\u00e3o sete quil\u00f4metros, saindo da Pra\u00e7a do Bom Pastor, passando pela Avenida Rio Branco, at\u00e9 a esquina com Rua Agassis, e retornando ao local da largada. A \u201cCorrida da Fogueira\u201d \u00e9 evento da Prefeitura de Juiz de Fora (PJF), atrav\u00e9s da Secretaria de Esporte e Lazer (SEL), organizada pela Tecnobit, em parceria com a Vidativa Consultoria Esportiva.<\/p>\n<p><strong>A corrida<\/strong><\/p>\n<p>A \u201cCorrida da Fogueira\u201d figura entre as provas mais tradicionais do pa\u00eds. Tudo come\u00e7ou em uma festa junina, caracterizada pela alegria em torno da fogueira, na d\u00e9cada de 40. Um entusiasta do esporte, Vicente Ferreira dos Santos, teve a ideia de promover uma corrida de rua, reunindo alguns amigos, a fim de divulgar a festa junina no Bairro Mariano Proc\u00f3pio. Foi assim que, em 23 de junho de 1942, 47 atletas ouviram o sinal da largada da \u201c1\u00aa Corrida da Fogueira\u201d, com percurso, assim como agora, de sete quil\u00f4metros.<\/p>\n<p>O vencedor da primeira edi\u00e7\u00e3o foi Pedro Marciano da Silva, atleta do Mangueira Futebol Clube, de S\u00e3o Jo\u00e3o Nepomuceno, com o tempo de 23m58s. Ap\u00f3s a premia\u00e7\u00e3o, ele teve a honra de acender a fogueira da festa, e isso se perpetuou por v\u00e1rias d\u00e9cadas. Na d\u00e9cada de 40, poucas corridas de rua eram realizadas no pa\u00eds e, com o tempo, a \u201cda Fogueira\u201d se tornou a maior prova do pedestrianismo de Minas Gerais, contribuindo decisivamente para o crescimento do esporte no Brasil.<\/p>\n<p><strong>Fonte: Assessoria\/PJF<\/strong><\/p>\n<p>&nbsp;<\/p>\n","protected":false},"excerpt":{"rendered":"<p>As inscri\u00e7\u00f5es para a tradicional \u201cCorrida da Fogueira\u201d j\u00e1 est\u00e3o abertas. A 71\u00aaedi\u00e7\u00e3o da competi\u00e7\u00e3o ser\u00e1 em 21 de julho. Os interessados devem procurar a Vidativa Consultoria Esportiva, na Rua Moraes e Castro, 724, Alto dos Passos, de segunda a quinta-feira, das 7 \u00e0s 22 horas, e sextas-feiras, das 7 \u00e0s 19 horas. O quiosque [&hellip;]<\/p>\n","protected":false},"author":96,"featured_media":106308,"comment_status":"closed","ping_status":"closed","sticky":false,"template":"","format":"standard","meta":{"footnotes":""},"categories":[257,439],"tags":[],"class_list":["post-106307","post","type-post","status-publish","format-standard","has-post-thumbnail","hentry","category-esporte","category-ultima-hora"],"_links":{"self":[{"href":"https:\/\/diarioregionaldigital.com.br\/index.php?rest_route=\/wp\/v2\/posts\/106307","targetHints":{"allow":["GET"]}}],"collection":[{"href":"https:\/\/diarioregionaldigital.com.br\/index.php?rest_route=\/wp\/v2\/posts"}],"about":[{"href":"https:\/\/diarioregionaldigital.com.br\/index.php?rest_route=\/wp\/v2\/types\/post"}],"author":[{"embeddable":true,"href":"https:\/\/diarioregionaldigital.com.br\/index.php?rest_route=\/wp\/v2\/users\/96"}],"replies":[{"embeddable":true,"href":"https:\/\/diarioregionaldigital.com.br\/index.php?rest_route=%2Fwp%2Fv2%2Fcomments&post=106307"}],"version-history":[{"count":0,"href":"https:\/\/diarioregionaldigital.com.br\/index.php?rest_route=\/wp\/v2\/posts\/106307\/revisions"}],"wp:featuredmedia":[{"embeddable":true,"href":"https:\/\/diarioregionaldigital.com.br\/index.php?rest_route=\/wp\/v2\/media\/106308"}],"wp:attachment":[{"href":"https:\/\/diarioregionaldigital.com.br\/index.php?rest_route=%2Fwp%2Fv2%2Fmedia&parent=106307"}],"wp:term":[{"taxonomy":"category","embeddable":true,"href":"https:\/\/diarioregionaldigital.com.br\/index.php?rest_route=%2Fwp%2Fv2%2Fcategories&post=106307"},{"taxonomy":"post_tag","embeddable":true,"href":"https:\/\/diarioregionaldigital.com.br\/index.php?rest_route=%2Fwp%2Fv2%2Ftags&post=106307"}],"curies":[{"name":"wp","href":"https:\/\/api.w.org\/{rel}","templated":true}]}}