{"id":106262,"date":"2018-05-30T06:00:32","date_gmt":"2018-05-30T09:00:32","guid":{"rendered":"http:\/\/diarioregionaljf.com.br\/?p=106262"},"modified":"2018-08-13T20:27:55","modified_gmt":"2018-08-13T23:27:55","slug":"declaracao-de-encerramento-das-atividades-30-05-18","status":"publish","type":"post","link":"https:\/\/diarioregionaldigital.com.br\/?p=106262","title":{"rendered":"Declara\u00e7\u00e3o de Encerramento das Atividades 30\/05\/18"},"content":{"rendered":"<p style=\"text-align: center;\"><strong>DECLARA\u00c7\u00c3O DE ENCERRAMENTO DAS ATIVIDADES\u00a0\u00a0<\/strong><\/p>\n<p style=\"text-align: center;\">Os s\u00f3cios\u00a0<u>RENATO LACERDA FERREIRA<\/u>, portador do CPF 650.128.526-72 e\u00a0<u>LUIZ DAS GRA\u00c7AS<\/u>, portador do CPF 055.409.416-91. \u00danicos s\u00f3cios da empresa sociedade simples limitada,\u00a0<u>BRAZILIAN WAY LTDA<\/u>, inscrita no CNPJ &#8211; 71.508.824\/0001-15,\u00a0resolveram, na melhor forma de direito, por n\u00e3o mais interessarem pela continuidade da empresa\u00a0pela Extin\u00e7\u00e3o volunt\u00e1ria no dia 31\/05\/2017.<\/p>\n","protected":false},"excerpt":{"rendered":"<p>DECLARA\u00c7\u00c3O DE ENCERRAMENTO DAS ATIVIDADES\u00a0\u00a0 Os s\u00f3cios\u00a0RENATO LACERDA FERREIRA, portador do CPF 650.128.526-72 e\u00a0LUIZ DAS GRA\u00c7AS, portador do CPF 055.409.416-91. \u00danicos s\u00f3cios da empresa sociedade simples limitada,\u00a0BRAZILIAN WAY LTDA, inscrita no CNPJ &#8211; 71.508.824\/0001-15,\u00a0resolveram, na melhor forma de direito, por n\u00e3o mais interessarem pela continuidade da empresa\u00a0pela Extin\u00e7\u00e3o volunt\u00e1ria no dia 31\/05\/2017.<\/p>\n","protected":false},"author":96,"featured_media":0,"comment_status":"closed","ping_status":"closed","sticky":false,"template":"","format":"standard","meta":{"footnotes":""},"categories":[307],"tags":[],"class_list":["post-106262","post","type-post","status-publish","format-standard","hentry","category-editais"],"_links":{"self":[{"href":"https:\/\/diarioregionaldigital.com.br\/index.php?rest_route=\/wp\/v2\/posts\/106262","targetHints":{"allow":["GET"]}}],"collection":[{"href":"https:\/\/diarioregionaldigital.com.br\/index.php?rest_route=\/wp\/v2\/posts"}],"about":[{"href":"https:\/\/diarioregionaldigital.com.br\/index.php?rest_route=\/wp\/v2\/types\/post"}],"author":[{"embeddable":true,"href":"https:\/\/diarioregionaldigital.com.br\/index.php?rest_route=\/wp\/v2\/users\/96"}],"replies":[{"embeddable":true,"href":"https:\/\/diarioregionaldigital.com.br\/index.php?rest_route=%2Fwp%2Fv2%2Fcomments&post=106262"}],"version-history":[{"count":0,"href":"https:\/\/diarioregionaldigital.com.br\/index.php?rest_route=\/wp\/v2\/posts\/106262\/revisions"}],"wp:attachment":[{"href":"https:\/\/diarioregionaldigital.com.br\/index.php?rest_route=%2Fwp%2Fv2%2Fmedia&parent=106262"}],"wp:term":[{"taxonomy":"category","embeddable":true,"href":"https:\/\/diarioregionaldigital.com.br\/index.php?rest_route=%2Fwp%2Fv2%2Fcategories&post=106262"},{"taxonomy":"post_tag","embeddable":true,"href":"https:\/\/diarioregionaldigital.com.br\/index.php?rest_route=%2Fwp%2Fv2%2Ftags&post=106262"}],"curies":[{"name":"wp","href":"https:\/\/api.w.org\/{rel}","templated":true}]}}