{"id":106257,"date":"2018-05-30T06:00:52","date_gmt":"2018-05-30T09:00:52","guid":{"rendered":"http:\/\/diarioregionaljf.com.br\/?p=106257"},"modified":"2018-05-29T19:10:06","modified_gmt":"2018-05-29T22:10:06","slug":"reluzindo","status":"publish","type":"post","link":"https:\/\/diarioregionaldigital.com.br\/?p=106257","title":{"rendered":"Reluzindo"},"content":{"rendered":"<p style=\"text-align: center;\"><strong>Novidade<\/strong><\/p>\n<p style=\"text-align: center;\">A ag\u00eancia Go! M\u00eddia est\u00e1 em momento alfa. Est\u00e1 lan\u00e7ando o Go! Learming. O projeto idealizado pelo respons\u00e1vel por novos neg\u00f3cios da ag\u00eancia, Rog\u00e9rio Rocha, traz para Juiz de Fora, os cursos de comunica\u00e7\u00e3o mais atuais da regi\u00e3o, ideias para quem quer se destacar e estar afinado com as boas pr\u00e1ticas do mercado. O diretor Cristiano Coppus e os profissionais Isabela Louren\u00e7o e Renato Bon\u00e1rio pilotam a iniciativa.<\/p>\n<p style=\"text-align: center;\"><strong>Meio Ambiente<\/strong><\/p>\n<p style=\"text-align: center;\">Para produzir menos lixo no dia a dia este colunista indica que tenha um par de talheres (garfo e faca) \u00e9 o suficiente na bolsa. Ele entrar\u00e1 em a\u00e7\u00e3o em caso de refei\u00e7\u00f5es realizadas em restaurantes ou lanchonetes que s\u00f3 oferecem os de pl\u00e1sticos. A natureza agradece.<\/p>\n<p style=\"text-align: center;\"><strong>Novo Regime<\/strong><\/p>\n<p style=\"text-align: center;\">Com muita discri\u00e7\u00e3o, avan\u00e7a a alian\u00e7a do ministro Gilmar Mendes, do STF, com a c\u00fapula do Senado para iniciar o ano legislativo de 2019 deslanchando a vota\u00e7\u00e3o da emenda \u00e0 constitui\u00e7\u00e3o que institui, o sistema semipresidencialista no pa\u00eds. Se aprovado, a partir de 2023 o governo passaria a ser composto por um presidente e um primeiro ministro. Quem viver, ver\u00e1!<\/p>\n<p style=\"text-align: center;\"><strong>Reluzindo<\/strong><\/p>\n<p style=\"text-align: center;\">Direto do Rio de Janeiro chega convite para a exposi\u00e7\u00e3o de Wilson Piran com o tema \u201cNem tudo o que brilha \u00e9 ouro\u201d. Ser\u00e1 na 5\u00aa feira, 31, no Museu Nacional de Belas Artes. Talentoso, o artista nos anos 80 transformou palavras cobertas de purpurina em objetos de desejo.<\/p>\n<div id=\"attachment_106195\" style=\"width: 690px\" class=\"wp-caption aligncenter\"><img loading=\"lazy\" decoding=\"async\" aria-describedby=\"caption-attachment-106195\" class=\"wp-image-106195\" src=\"http:\/\/diarioregionaljf.com.br\/wp-content\/uploads\/2018\/05\/fotoa-14.jpg\" alt=\"\" width=\"680\" height=\"453\" srcset=\"https:\/\/diarioregionaldigital.com.br\/wp-content\/uploads\/2018\/05\/fotoa-14.jpg 525w, https:\/\/diarioregionaldigital.com.br\/wp-content\/uploads\/2018\/05\/fotoa-14-300x200.jpg 300w, https:\/\/diarioregionaldigital.com.br\/wp-content\/uploads\/2018\/05\/fotoa-14-360x240.jpg 360w\" sizes=\"auto, (max-width: 680px) 100vw, 680px\" \/><p id=\"caption-attachment-106195\" class=\"wp-caption-text\">Comemorando anivers\u00e1rio no dia 31 de maio, a elegante Neide Almada comemora com amigos, o marido Zez\u00e9 do Pandeiro e os filhos Daniele, D\u00e9bora e J\u00fanior<\/p><\/div>\n<div id=\"attachment_106196\" style=\"width: 690px\" class=\"wp-caption aligncenter\"><img loading=\"lazy\" decoding=\"async\" aria-describedby=\"caption-attachment-106196\" class=\"wp-image-106196\" src=\"http:\/\/diarioregionaljf.com.br\/wp-content\/uploads\/2018\/05\/fotoaa-12-e1527629914618.jpg\" alt=\"\" width=\"680\" height=\"591\" srcset=\"https:\/\/diarioregionaldigital.com.br\/wp-content\/uploads\/2018\/05\/fotoaa-12-e1527629914618.jpg 640w, https:\/\/diarioregionaldigital.com.br\/wp-content\/uploads\/2018\/05\/fotoaa-12-e1527629914618-300x261.jpg 300w, https:\/\/diarioregionaldigital.com.br\/wp-content\/uploads\/2018\/05\/fotoaa-12-e1527629914618-360x313.jpg 360w\" sizes=\"auto, (max-width: 680px) 100vw, 680px\" \/><p id=\"caption-attachment-106196\" class=\"wp-caption-text\">Dedicando amor a Juiz de Fora, o jornalista Talison Vardiero<\/p><\/div>\n<div id=\"attachment_106197\" style=\"width: 690px\" class=\"wp-caption aligncenter\"><img loading=\"lazy\" decoding=\"async\" aria-describedby=\"caption-attachment-106197\" class=\"wp-image-106197\" src=\"http:\/\/diarioregionaljf.com.br\/wp-content\/uploads\/2018\/05\/fotoaa2-e1527630095136.jpg\" alt=\"\" width=\"680\" height=\"572\" srcset=\"https:\/\/diarioregionaldigital.com.br\/wp-content\/uploads\/2018\/05\/fotoaa2-e1527630095136.jpg 718w, https:\/\/diarioregionaldigital.com.br\/wp-content\/uploads\/2018\/05\/fotoaa2-e1527630095136-300x252.jpg 300w, https:\/\/diarioregionaldigital.com.br\/wp-content\/uploads\/2018\/05\/fotoaa2-e1527630095136-360x303.jpg 360w\" sizes=\"auto, (max-width: 680px) 100vw, 680px\" \/><p id=\"caption-attachment-106197\" class=\"wp-caption-text\">Talentos jovens para a nova Juiz de Fora, com J\u00falia Horta, Max Carvalho e Juliana Schiavon<\/p><\/div>\n<div id=\"attachment_106203\" style=\"width: 690px\" class=\"wp-caption aligncenter\"><img loading=\"lazy\" decoding=\"async\" aria-describedby=\"caption-attachment-106203\" class=\"wp-image-106203\" src=\"http:\/\/diarioregionaljf.com.br\/wp-content\/uploads\/2018\/05\/fotof-16.jpg\" alt=\"\" width=\"680\" height=\"477\" srcset=\"https:\/\/diarioregionaldigital.com.br\/wp-content\/uploads\/2018\/05\/fotof-16.jpg 1000w, https:\/\/diarioregionaldigital.com.br\/wp-content\/uploads\/2018\/05\/fotof-16-300x210.jpg 300w, https:\/\/diarioregionaldigital.com.br\/wp-content\/uploads\/2018\/05\/fotof-16-768x539.jpg 768w, https:\/\/diarioregionaldigital.com.br\/wp-content\/uploads\/2018\/05\/fotof-16-360x253.jpg 360w, https:\/\/diarioregionaldigital.com.br\/wp-content\/uploads\/2018\/05\/fotof-16-100x70.jpg 100w\" sizes=\"auto, (max-width: 680px) 100vw, 680px\" \/><p id=\"caption-attachment-106203\" class=\"wp-caption-text\">Na Est\u00e2ncia Dom Vi\u00e7oso, as gloriosas Nayara Neto, Franciely Galil e Nayane Neto<\/p><\/div>\n<div id=\"attachment_106204\" style=\"width: 690px\" class=\"wp-caption aligncenter\"><img loading=\"lazy\" decoding=\"async\" aria-describedby=\"caption-attachment-106204\" class=\"wp-image-106204\" src=\"http:\/\/diarioregionaljf.com.br\/wp-content\/uploads\/2018\/05\/fotog-16.jpg\" alt=\"\" width=\"680\" height=\"533\" srcset=\"https:\/\/diarioregionaldigital.com.br\/wp-content\/uploads\/2018\/05\/fotog-16.jpg 720w, https:\/\/diarioregionaldigital.com.br\/wp-content\/uploads\/2018\/05\/fotog-16-300x235.jpg 300w, https:\/\/diarioregionaldigital.com.br\/wp-content\/uploads\/2018\/05\/fotog-16-360x282.jpg 360w\" sizes=\"auto, (max-width: 680px) 100vw, 680px\" \/><p id=\"caption-attachment-106204\" class=\"wp-caption-text\">Festejando os 168 anos de Juiz de Fora, as locomotivas da sociedade, Myrliane Le\u00e3o, Baby Mancini e Florinha Carmo<\/p><\/div>\n<div id=\"attachment_106213\" style=\"width: 690px\" class=\"wp-caption aligncenter\"><img loading=\"lazy\" decoding=\"async\" aria-describedby=\"caption-attachment-106213\" class=\"wp-image-106213\" src=\"http:\/\/diarioregionaljf.com.br\/wp-content\/uploads\/2018\/05\/fotobb-9-e1527630514338.jpg\" alt=\"\" width=\"680\" height=\"516\" srcset=\"https:\/\/diarioregionaldigital.com.br\/wp-content\/uploads\/2018\/05\/fotobb-9-e1527630514338.jpg 724w, https:\/\/diarioregionaldigital.com.br\/wp-content\/uploads\/2018\/05\/fotobb-9-e1527630514338-300x227.jpg 300w, https:\/\/diarioregionaldigital.com.br\/wp-content\/uploads\/2018\/05\/fotobb-9-e1527630514338-360x273.jpg 360w\" sizes=\"auto, (max-width: 680px) 100vw, 680px\" \/><p id=\"caption-attachment-106213\" class=\"wp-caption-text\">O modelo Wesley Ferry disputa na 4\u00aa feira, 30, no Teatro Solar o Titulo de Mr. Juiz de Fora 2018 e teve apoio da odont\u00f3loga Janaina Mesquita (Cl\u00ednica Sorriso)<\/p><\/div>\n<div id=\"attachment_106220\" style=\"width: 690px\" class=\"wp-caption aligncenter\"><img loading=\"lazy\" decoding=\"async\" aria-describedby=\"caption-attachment-106220\" class=\"wp-image-106220\" src=\"http:\/\/diarioregionaljf.com.br\/wp-content\/uploads\/2018\/05\/fotoj-17.jpg\" alt=\"\" width=\"680\" height=\"505\" srcset=\"https:\/\/diarioregionaldigital.com.br\/wp-content\/uploads\/2018\/05\/fotoj-17.jpg 1000w, https:\/\/diarioregionaldigital.com.br\/wp-content\/uploads\/2018\/05\/fotoj-17-300x223.jpg 300w, https:\/\/diarioregionaldigital.com.br\/wp-content\/uploads\/2018\/05\/fotoj-17-768x571.jpg 768w, https:\/\/diarioregionaldigital.com.br\/wp-content\/uploads\/2018\/05\/fotoj-17-360x267.jpg 360w\" sizes=\"auto, (max-width: 680px) 100vw, 680px\" \/><p id=\"caption-attachment-106220\" class=\"wp-caption-text\">Comemorando os 168 anos de Juiz de Fora na Est\u00e2ncia Dom Vi\u00e7oso, os colun\u00e1veis Ant\u00f4nio Marchiori, Beth Urgal, Ana Maria Goretti, Ana Cristina Ribeiro Aquino e Lilian Fartura<\/p><\/div>\n<div id=\"attachment_106198\" style=\"width: 690px\" class=\"wp-caption aligncenter\"><img loading=\"lazy\" decoding=\"async\" aria-describedby=\"caption-attachment-106198\" class=\"wp-image-106198\" src=\"http:\/\/diarioregionaljf.com.br\/wp-content\/uploads\/2018\/05\/fotob-10-e1527630149873.jpg\" alt=\"\" width=\"680\" height=\"583\" srcset=\"https:\/\/diarioregionaldigital.com.br\/wp-content\/uploads\/2018\/05\/fotob-10-e1527630149873.jpg 640w, https:\/\/diarioregionaldigital.com.br\/wp-content\/uploads\/2018\/05\/fotob-10-e1527630149873-300x257.jpg 300w, https:\/\/diarioregionaldigital.com.br\/wp-content\/uploads\/2018\/05\/fotob-10-e1527630149873-360x309.jpg 360w\" sizes=\"auto, (max-width: 680px) 100vw, 680px\" \/><p id=\"caption-attachment-106198\" class=\"wp-caption-text\">Um dos favoritos para o Mr. Juiz de Fora, na 4\u00aa feira, 30, no Teatro Solar, Bruno Ca\u00e7ador<\/p><\/div>\n<div id=\"attachment_106215\" style=\"width: 690px\" class=\"wp-caption aligncenter\"><img loading=\"lazy\" decoding=\"async\" aria-describedby=\"caption-attachment-106215\" class=\"wp-image-106215\" src=\"http:\/\/diarioregionaljf.com.br\/wp-content\/uploads\/2018\/05\/fotod-15-e1527630589338.jpg\" alt=\"\" width=\"680\" height=\"621\" srcset=\"https:\/\/diarioregionaldigital.com.br\/wp-content\/uploads\/2018\/05\/fotod-15-e1527630589338.jpg 638w, https:\/\/diarioregionaldigital.com.br\/wp-content\/uploads\/2018\/05\/fotod-15-e1527630589338-300x274.jpg 300w, https:\/\/diarioregionaldigital.com.br\/wp-content\/uploads\/2018\/05\/fotod-15-e1527630589338-360x329.jpg 360w\" sizes=\"auto, (max-width: 680px) 100vw, 680px\" \/><p id=\"caption-attachment-106215\" class=\"wp-caption-text\">Forte candidata a Miss Juiz de Fora, 4\u00aa feira, 30 no Teatro Solar, a bela Jady Meirelles<\/p><\/div>\n<div id=\"attachment_106218\" style=\"width: 690px\" class=\"wp-caption aligncenter\"><img loading=\"lazy\" decoding=\"async\" aria-describedby=\"caption-attachment-106218\" class=\"wp-image-106218\" src=\"http:\/\/diarioregionaljf.com.br\/wp-content\/uploads\/2018\/05\/fotoi-17-e1527631329318.jpg\" alt=\"\" width=\"680\" height=\"583\" srcset=\"https:\/\/diarioregionaldigital.com.br\/wp-content\/uploads\/2018\/05\/fotoi-17-e1527631329318.jpg 640w, https:\/\/diarioregionaldigital.com.br\/wp-content\/uploads\/2018\/05\/fotoi-17-e1527631329318-300x257.jpg 300w, https:\/\/diarioregionaldigital.com.br\/wp-content\/uploads\/2018\/05\/fotoi-17-e1527631329318-360x309.jpg 360w\" sizes=\"auto, (max-width: 680px) 100vw, 680px\" \/><p id=\"caption-attachment-106218\" class=\"wp-caption-text\">Concorrendo na 4\u00aa feira, 30, no Teatro Solar a Mr. Juiz de Fora, o bonit\u00e3o Guilherme Alves<\/p><\/div>\n<div id=\"attachment_106217\" style=\"width: 690px\" class=\"wp-caption aligncenter\"><img loading=\"lazy\" decoding=\"async\" aria-describedby=\"caption-attachment-106217\" class=\"wp-image-106217\" src=\"http:\/\/diarioregionaljf.com.br\/wp-content\/uploads\/2018\/05\/fotoh-19-e1527631394282.jpg\" alt=\"\" width=\"680\" height=\"625\" srcset=\"https:\/\/diarioregionaldigital.com.br\/wp-content\/uploads\/2018\/05\/fotoh-19-e1527631394282.jpg 640w, https:\/\/diarioregionaldigital.com.br\/wp-content\/uploads\/2018\/05\/fotoh-19-e1527631394282-300x276.jpg 300w, https:\/\/diarioregionaldigital.com.br\/wp-content\/uploads\/2018\/05\/fotoh-19-e1527631394282-360x331.jpg 360w\" sizes=\"auto, (max-width: 680px) 100vw, 680px\" \/><p id=\"caption-attachment-106217\" class=\"wp-caption-text\">Larissa Costa, forte candidata a Miss Juiz de Fora na 4\u00aa feira, 30, no Teatro Solar<\/p><\/div>\n<div id=\"attachment_106214\" style=\"width: 690px\" class=\"wp-caption aligncenter\"><img loading=\"lazy\" decoding=\"async\" aria-describedby=\"caption-attachment-106214\" class=\"wp-image-106214\" src=\"http:\/\/diarioregionaljf.com.br\/wp-content\/uploads\/2018\/05\/fotoc-17.jpg\" alt=\"\" width=\"680\" height=\"453\" srcset=\"https:\/\/diarioregionaldigital.com.br\/wp-content\/uploads\/2018\/05\/fotoc-17.jpg 960w, https:\/\/diarioregionaldigital.com.br\/wp-content\/uploads\/2018\/05\/fotoc-17-300x200.jpg 300w, https:\/\/diarioregionaldigital.com.br\/wp-content\/uploads\/2018\/05\/fotoc-17-768x512.jpg 768w, https:\/\/diarioregionaldigital.com.br\/wp-content\/uploads\/2018\/05\/fotoc-17-360x240.jpg 360w\" sizes=\"auto, (max-width: 680px) 100vw, 680px\" \/><p id=\"caption-attachment-106214\" class=\"wp-caption-text\">Visitando este colunista na TVE\/JF, o ator Fl\u00e1vio Fusco, a apresentadora Renata Lana com Eduardo Gomes<\/p><\/div>\n<p style=\"text-align: center;\"><strong>FOTOSS\u00cdNTESE<\/strong><\/p>\n<p>Viva a Princesa de Minas&#8230; Viva a bela Juiz de Fora&#8230; Parab\u00e9ns povo querido no anivers\u00e1rio da minha querida cidade.<\/p>\n<p>Desde 1996 em Juiz de Fora, a Casa das Trufas em seus 4 endere\u00e7os mostra uma variedade de sugest\u00f5es em tortas deliciosas, chocolates para presentes e mousses com sabores inigual\u00e1veis. Ponto para Cristiane Carapinha.<\/p>\n<p>O projeto Divers\u00e3o em Cena ArcelorMittal traz a Juiz de Fora, a adapta\u00e7\u00e3o de uma das obras do escritor portugu\u00eas Jos\u00e9 Saramago. A montagem \u201cA Maior Flor do Mundo\u201d, concebida pela Retic\u00eancias Produ\u00e7\u00f5es Art\u00edsticas, ser\u00e1 encenada no dia 3 de junho (domingo), \u00e0s 16 horas, no Teatro Solar.<\/p>\n<p>A Secretaria de Agropecu\u00e1ria e Abastecimento da Prefeitura de Juiz de Fora anunciou que a Exposi\u00e7\u00e3o Agropecu\u00e1ria de Juiz de Fora, ser\u00e1 de 9 a 12 de agosto, no J\u00f3quei Clube.<\/p>\n<p>O presidente da Escola de Samba Real Grandeza, Lu\u00eds Carlos Masson, teve o seu mandato prorrogado por mais um ano, at\u00e9 maio de 2019.<\/p>\n<p>Mirian Fortuna comemorou devidamente os 106 anos de gl\u00f3ria do Tupi Foot Ball Club, ocorrido no dia 26 de maio. Fundado em 1912, teve como seu primeiro presidente o saudoso Ant\u00f4nio Maria J\u00fanior.<\/p>\n<p>Em boa hora, a Companhia Energ\u00e9tica de Minas Gerais (Cemig) est\u00e1 destinando R$ 10,7 milh\u00f5es a 18 projetos aprovados na Chamada P\u00fablica de Efici\u00eancia Energ\u00e9tica de 2017.<\/p>\n<p>Ivanir e Carlos Alberto Ferreira estar\u00e3o recebendo em sua bonita resid\u00eancia no Graminha, no dia 16 de junho para fin\u00edssima Noite de Queijos e Vinhos.<\/p>\n<p>Para o dia 24 de junho, \u00e0s 20h, acontece a tradicional Festa Junina da ASE. Al\u00e9m de comidas e bebidas t\u00edpicas, show com Fabr\u00edcio e Gabriel, Tonh\u00e3o dos Teclados e participa\u00e7\u00e3o de \u00c9rick Rincon. Ser\u00e1 na Sede Campestre, no Barbosa Lage.<\/p>\n<p>Em ritmo de solidariedade total, a 14\u00aa Feijoada Solid\u00e1ria \u2013 IMEPP, ser\u00e1 realizada no dia 10 de junho (domingo), das 12 \u00e0s 14h, no Privil\u00e9ge. Dentre atra\u00e7\u00f5es, Bachar\u00e9is do Samba, DJ Vov\u00f4 e a cantora do momento Sandra Portella.<\/p>\n<p>Para ficar ligado: Tudo leva a crer que, a despeito de o mundo estar virado do avesso e fazer parecer que daqui a pouco acontecer\u00e1 o apocalipse, mesmo assim os neg\u00f3cios continuar\u00e3o acontecendo e o bem-viver ser\u00e1 a nota dominante. Basta ter f\u00e9. Bom feriado. Retornamos com p\u00e1gina atualizada no domingo.<\/p>\n<p>&nbsp;<\/p>\n","protected":false},"excerpt":{"rendered":"<p>Novidade A ag\u00eancia Go! M\u00eddia est\u00e1 em momento alfa. Est\u00e1 lan\u00e7ando o Go! Learming. O projeto idealizado pelo respons\u00e1vel por novos neg\u00f3cios da ag\u00eancia, Rog\u00e9rio Rocha, traz para Juiz de Fora, os cursos de comunica\u00e7\u00e3o mais atuais da regi\u00e3o, ideias para quem quer se destacar e estar afinado com as boas pr\u00e1ticas do mercado. O [&hellip;]<\/p>\n","protected":false},"author":96,"featured_media":106195,"comment_status":"closed","ping_status":"closed","sticky":false,"template":"","format":"standard","meta":{"footnotes":""},"categories":[264],"tags":[],"class_list":["post-106257","post","type-post","status-publish","format-standard","has-post-thumbnail","hentry","category-eduardo-gomes"],"_links":{"self":[{"href":"https:\/\/diarioregionaldigital.com.br\/index.php?rest_route=\/wp\/v2\/posts\/106257","targetHints":{"allow":["GET"]}}],"collection":[{"href":"https:\/\/diarioregionaldigital.com.br\/index.php?rest_route=\/wp\/v2\/posts"}],"about":[{"href":"https:\/\/diarioregionaldigital.com.br\/index.php?rest_route=\/wp\/v2\/types\/post"}],"author":[{"embeddable":true,"href":"https:\/\/diarioregionaldigital.com.br\/index.php?rest_route=\/wp\/v2\/users\/96"}],"replies":[{"embeddable":true,"href":"https:\/\/diarioregionaldigital.com.br\/index.php?rest_route=%2Fwp%2Fv2%2Fcomments&post=106257"}],"version-history":[{"count":0,"href":"https:\/\/diarioregionaldigital.com.br\/index.php?rest_route=\/wp\/v2\/posts\/106257\/revisions"}],"wp:featuredmedia":[{"embeddable":true,"href":"https:\/\/diarioregionaldigital.com.br\/index.php?rest_route=\/wp\/v2\/media\/106195"}],"wp:attachment":[{"href":"https:\/\/diarioregionaldigital.com.br\/index.php?rest_route=%2Fwp%2Fv2%2Fmedia&parent=106257"}],"wp:term":[{"taxonomy":"category","embeddable":true,"href":"https:\/\/diarioregionaldigital.com.br\/index.php?rest_route=%2Fwp%2Fv2%2Fcategories&post=106257"},{"taxonomy":"post_tag","embeddable":true,"href":"https:\/\/diarioregionaldigital.com.br\/index.php?rest_route=%2Fwp%2Fv2%2Ftags&post=106257"}],"curies":[{"name":"wp","href":"https:\/\/api.w.org\/{rel}","templated":true}]}}