{"id":106255,"date":"2018-05-29T18:34:39","date_gmt":"2018-05-29T21:34:39","guid":{"rendered":"http:\/\/diarioregionaljf.com.br\/?p=106255"},"modified":"2018-05-29T18:34:39","modified_gmt":"2018-05-29T21:34:39","slug":"secretaria-de-meio-ambiente-abre-selecao-para-estagio","status":"publish","type":"post","link":"https:\/\/diarioregionaldigital.com.br\/?p=106255","title":{"rendered":"Secretaria de Meio Ambiente abre sele\u00e7\u00e3o para est\u00e1gio"},"content":{"rendered":"<p>A Secretaria de Meio Ambiente (SMA) da Prefeitura de Juiz de Fora (PJF) divulgou nessa ter\u00e7a-feira, 29, a realiza\u00e7\u00e3o do processo seletivo para preenchimento de vaga em est\u00e1gio nas \u00e1reas de ci\u00eancias biol\u00f3gicas, engenharias ambiental e florestal e geografia. As inscri\u00e7\u00f5es poder\u00e3o ser realizadas a partir desta quarta-feira, 30, at\u00e9 7 de junho. Os interessados dever\u00e3o preencher o formul\u00e1rio de inscri\u00e7\u00e3o e envi\u00e1-lo, em anexo, ao e-mail deaprensma@pjf.mg.gov.br, com o assunto \u201cInscri\u00e7\u00e3o em Processo Seletivo de Est\u00e1gio\u201d, juntamente com curr\u00edculo, comprovante de matr\u00edcula e hist\u00f3rico escolar.<\/p>\n<p>Os estudantes atuar\u00e3o no Departamento de Educa\u00e7\u00e3o Ambiental e Prote\u00e7\u00e3o dos Recursos Naturais (Deapren) da SMA. O resultado ser\u00e1 divulgado aos candidatos em 15 de junho, por e-mail. Em caso de d\u00favidas, o Deapren atende pelo telefone (32)3690-7118. Confira outras informa\u00e7\u00f5es no <a href=\"https:\/\/www.pjf.mg.gov.br\/noticias\/anexo\/estagio_sma.pdf\">link<\/a>.<\/p>\n<p>Fonte: Assessoria<\/p>\n","protected":false},"excerpt":{"rendered":"<p>A Secretaria de Meio Ambiente (SMA) da Prefeitura de Juiz de Fora (PJF) divulgou nessa ter\u00e7a-feira, 29, a realiza\u00e7\u00e3o do processo seletivo para preenchimento de vaga em est\u00e1gio nas \u00e1reas de ci\u00eancias biol\u00f3gicas, engenharias ambiental e florestal e geografia. As inscri\u00e7\u00f5es poder\u00e3o ser realizadas a partir desta quarta-feira, 30, at\u00e9 7 de junho. Os interessados [&hellip;]<\/p>\n","protected":false},"author":96,"featured_media":106256,"comment_status":"closed","ping_status":"closed","sticky":false,"template":"","format":"standard","meta":{"footnotes":""},"categories":[253,439],"tags":[],"class_list":["post-106255","post","type-post","status-publish","format-standard","has-post-thumbnail","hentry","category-cidade","category-ultima-hora"],"_links":{"self":[{"href":"https:\/\/diarioregionaldigital.com.br\/index.php?rest_route=\/wp\/v2\/posts\/106255","targetHints":{"allow":["GET"]}}],"collection":[{"href":"https:\/\/diarioregionaldigital.com.br\/index.php?rest_route=\/wp\/v2\/posts"}],"about":[{"href":"https:\/\/diarioregionaldigital.com.br\/index.php?rest_route=\/wp\/v2\/types\/post"}],"author":[{"embeddable":true,"href":"https:\/\/diarioregionaldigital.com.br\/index.php?rest_route=\/wp\/v2\/users\/96"}],"replies":[{"embeddable":true,"href":"https:\/\/diarioregionaldigital.com.br\/index.php?rest_route=%2Fwp%2Fv2%2Fcomments&post=106255"}],"version-history":[{"count":0,"href":"https:\/\/diarioregionaldigital.com.br\/index.php?rest_route=\/wp\/v2\/posts\/106255\/revisions"}],"wp:featuredmedia":[{"embeddable":true,"href":"https:\/\/diarioregionaldigital.com.br\/index.php?rest_route=\/wp\/v2\/media\/106256"}],"wp:attachment":[{"href":"https:\/\/diarioregionaldigital.com.br\/index.php?rest_route=%2Fwp%2Fv2%2Fmedia&parent=106255"}],"wp:term":[{"taxonomy":"category","embeddable":true,"href":"https:\/\/diarioregionaldigital.com.br\/index.php?rest_route=%2Fwp%2Fv2%2Fcategories&post=106255"},{"taxonomy":"post_tag","embeddable":true,"href":"https:\/\/diarioregionaldigital.com.br\/index.php?rest_route=%2Fwp%2Fv2%2Ftags&post=106255"}],"curies":[{"name":"wp","href":"https:\/\/api.w.org\/{rel}","templated":true}]}}