{"id":106251,"date":"2018-05-29T18:17:18","date_gmt":"2018-05-29T21:17:18","guid":{"rendered":"http:\/\/diarioregionaljf.com.br\/?p=106251"},"modified":"2018-05-29T18:17:18","modified_gmt":"2018-05-29T21:17:18","slug":"avanca-projeto-que-destina-recursos-para-regularizar-favelas-e-areas-de-invasao","status":"publish","type":"post","link":"https:\/\/diarioregionaldigital.com.br\/?p=106251","title":{"rendered":"Avan\u00e7a projeto que destina recursos para regularizar favelas e \u00e1reas de invas\u00e3o"},"content":{"rendered":"<p>Favelas e \u00e1reas de invas\u00e3o poder\u00e3o contar com pelo menos 2% dos recursos empregados anualmente no Programa Nacional de Habita\u00e7\u00e3o Urbana (PNHU), um subprograma do Programa Minha Casa, Minha Vida (PMCMV) voltado especificamente \u00e0s grandes cidades. \u00c9 o que estabelece o Projeto de Lei da C\u00e2mara (PLC)<a href=\"https:\/\/www25.senado.leg.br\/web\/atividade\/materias\/-\/materia\/127165\">64\/2016<\/a>\u00a0aprovado nessa ter\u00e7a-feira, 29, na Comiss\u00e3o de Agricultura e Reforma Agr\u00e1ria (CRA).<\/p>\n<p>Al\u00e9m de destinar e vedar o contingenciamento desses recursos, a proposta assegura apoio t\u00e9cnico para a regulariza\u00e7\u00e3o fundi\u00e1ria de assentamentos urbanos. O texto tamb\u00e9m reserva 2% dos recursos do PNHU para munic\u00edpios com at\u00e9 50 mil habitantes.\u00a0Iniciativa da deputada Soraya Santos (MDB-RJ), o projeto ainda precisa passar pela aprova\u00e7\u00e3o do Plen\u00e1rio do Senado.<\/p>\n<p>&nbsp;<\/p>\n<p><strong>Relat\u00f3rio <\/strong><\/p>\n<p>A mat\u00e9ria recebeu relat\u00f3rio favor\u00e1vel do senador Elmano F\u00e9rrer (Pode-PI). Segundo ele, o Minha Casa, Minha Vida \u201crepetiu e ampliou os erros do antigo Banco Nacional de Habita\u00e7\u00e3o (BNH), financiando apenas a constru\u00e7\u00e3o de conjuntos habitacionais novos, em \u00e1reas distantes da cidade existente, sem infraestrutura, transporte ou emprego\u201d.<\/p>\n<p>\u201cEssa orienta\u00e7\u00e3o equivocada do programa criou para os munic\u00edpios que receberam esses empreendimentos o \u00f4nus de atender um enorme d\u00e9ficit social, representado por bairros carentes de infraestrutura e, em muitos casos, dominados pela criminalidade\u201d, avaliou.<\/p>\n<p>F\u00e9rrer lembrou ainda que a urbaniza\u00e7\u00e3o de favelas foi recentemente impulsionada pela edi\u00e7\u00e3o da\u00a0Lei 13.465, de 2017, que removeu obst\u00e1culos \u00e0 regulariza\u00e7\u00e3o fundi\u00e1ria, beneficiando milh\u00f5es de moradores.<\/p>\n<p>&nbsp;<\/p>\n<p><strong>Regulamenta\u00e7\u00e3o<\/strong><\/p>\n<p>O Poder Executivo dever\u00e1 definir regras espec\u00edficas para sele\u00e7\u00e3o dos benefici\u00e1rios dos recursos destinados pelo projeto. O regulamento tamb\u00e9m dispor\u00e1 sobre regras para a contrata\u00e7\u00e3o dos financiamentos nas a\u00e7\u00f5es de regulariza\u00e7\u00e3o.<\/p>\n<p>Fonte: Ag\u00eancia Senado<\/p>\n","protected":false},"excerpt":{"rendered":"<p>Favelas e \u00e1reas de invas\u00e3o poder\u00e3o contar com pelo menos 2% dos recursos empregados anualmente no Programa Nacional de Habita\u00e7\u00e3o Urbana (PNHU), um subprograma do Programa Minha Casa, Minha Vida (PMCMV) voltado especificamente \u00e0s grandes cidades. \u00c9 o que estabelece o Projeto de Lei da C\u00e2mara (PLC)64\/2016\u00a0aprovado nessa ter\u00e7a-feira, 29, na Comiss\u00e3o de Agricultura e [&hellip;]<\/p>\n","protected":false},"author":96,"featured_media":106252,"comment_status":"closed","ping_status":"closed","sticky":false,"template":"","format":"standard","meta":{"footnotes":""},"categories":[254,439],"tags":[],"class_list":["post-106251","post","type-post","status-publish","format-standard","has-post-thumbnail","hentry","category-politica","category-ultima-hora"],"_links":{"self":[{"href":"https:\/\/diarioregionaldigital.com.br\/index.php?rest_route=\/wp\/v2\/posts\/106251","targetHints":{"allow":["GET"]}}],"collection":[{"href":"https:\/\/diarioregionaldigital.com.br\/index.php?rest_route=\/wp\/v2\/posts"}],"about":[{"href":"https:\/\/diarioregionaldigital.com.br\/index.php?rest_route=\/wp\/v2\/types\/post"}],"author":[{"embeddable":true,"href":"https:\/\/diarioregionaldigital.com.br\/index.php?rest_route=\/wp\/v2\/users\/96"}],"replies":[{"embeddable":true,"href":"https:\/\/diarioregionaldigital.com.br\/index.php?rest_route=%2Fwp%2Fv2%2Fcomments&post=106251"}],"version-history":[{"count":0,"href":"https:\/\/diarioregionaldigital.com.br\/index.php?rest_route=\/wp\/v2\/posts\/106251\/revisions"}],"wp:featuredmedia":[{"embeddable":true,"href":"https:\/\/diarioregionaldigital.com.br\/index.php?rest_route=\/wp\/v2\/media\/106252"}],"wp:attachment":[{"href":"https:\/\/diarioregionaldigital.com.br\/index.php?rest_route=%2Fwp%2Fv2%2Fmedia&parent=106251"}],"wp:term":[{"taxonomy":"category","embeddable":true,"href":"https:\/\/diarioregionaldigital.com.br\/index.php?rest_route=%2Fwp%2Fv2%2Fcategories&post=106251"},{"taxonomy":"post_tag","embeddable":true,"href":"https:\/\/diarioregionaldigital.com.br\/index.php?rest_route=%2Fwp%2Fv2%2Ftags&post=106251"}],"curies":[{"name":"wp","href":"https:\/\/api.w.org\/{rel}","templated":true}]}}