{"id":106241,"date":"2018-05-30T06:00:07","date_gmt":"2018-05-30T09:00:07","guid":{"rendered":"http:\/\/diarioregionaljf.com.br\/?p=106241"},"modified":"2018-05-29T19:31:57","modified_gmt":"2018-05-29T22:31:57","slug":"ascomcer-promove-5o-arraia-beneficente","status":"publish","type":"post","link":"https:\/\/diarioregionaldigital.com.br\/?p=106241","title":{"rendered":"Ascomcer promove 5\u00ba Arrai\u00e1 beneficente"},"content":{"rendered":"<p>No dia 9 de junho a Associa\u00e7\u00e3o Feminina de Preven\u00e7\u00e3o e Combate ao C\u00e2ncer de Juiz de Fora (Ascomcer) realiza seu 5\u00ba\u00a0Arrai\u00e1\u00a0Beneficente. Evento ser\u00e1 realizado de 14h \u00e0s 22h, no estacionamento do Cascatinha Country Clube (Rua Miguel Jos\u00e9 Mansur, 380 &#8211; Cascatinha). Os ingressos para a festividade j\u00e1 est\u00e3o \u00e0 venda pelo valor de R$12 e podem ser adquiridos na sede do hospital (Avenida Presidente Itamar Franco, 3500).<\/p>\n<p>De acordo com a presidente da institui\u00e7\u00e3o, Alessandra Sampaio, toda a renda arrecadada ser\u00e1 revertida para os pacientes do hospital. \u201c\u00c9 um evento muito importante para n\u00f3s. Tudo que for arrecadado ser\u00e1 utilizado em prol do paciente. Seja para comprar medicamentos ou para fazer melhorias em utens\u00edlios e outros itens do hospital, tudo para o\u00a0bem-estar\u00a0do paciente\u201d, explicou ela, acrescentando que conta com a participa\u00e7\u00e3o da popula\u00e7\u00e3o. \u201cCom essa crise que atravessa a sa\u00fade, essa problem\u00e1tica com que as institui\u00e7\u00f5es filantr\u00f3picas est\u00e3o sofrendo, a gente conta com a ajuda da popula\u00e7\u00e3o, que, nos \u00faltimos anos, tem sido fundamental para a gente\u00a0poder\u00a0superar isso. J\u00e1 estamos passando pela crise, mas sem essas pessoas, as dificuldades seriam piores\u201d, refor\u00e7ou.<\/p>\n<div id=\"attachment_106242\" style=\"width: 970px\" class=\"wp-caption alignnone\"><img loading=\"lazy\" decoding=\"async\" aria-describedby=\"caption-attachment-106242\" class=\"wp-image-106242 size-full\" src=\"http:\/\/diarioregionaljf.com.br\/wp-content\/uploads\/2018\/05\/DIVULGA\u00c7\u00c3O-USAR-ESSA-1.jpg\" alt=\"\" width=\"960\" height=\"597\" srcset=\"https:\/\/diarioregionaldigital.com.br\/wp-content\/uploads\/2018\/05\/DIVULGA\u00c7\u00c3O-USAR-ESSA-1.jpg 960w, https:\/\/diarioregionaldigital.com.br\/wp-content\/uploads\/2018\/05\/DIVULGA\u00c7\u00c3O-USAR-ESSA-1-300x187.jpg 300w, https:\/\/diarioregionaldigital.com.br\/wp-content\/uploads\/2018\/05\/DIVULGA\u00c7\u00c3O-USAR-ESSA-1-768x478.jpg 768w, https:\/\/diarioregionaldigital.com.br\/wp-content\/uploads\/2018\/05\/DIVULGA\u00c7\u00c3O-USAR-ESSA-1-360x224.jpg 360w\" sizes=\"auto, (max-width: 960px) 100vw, 960px\" \/><p id=\"caption-attachment-106242\" class=\"wp-caption-text\">Barracas de bebidas e comidas t\u00edpicas, quadrilha animada e brincadeiras fazem parte do Arrai\u00e1 da Ascomcer. FOTO: Divulga\u00e7\u00e3o<\/p><\/div>\n<p>Alessandra afirmou que a dire\u00e7\u00e3o do hospital espera receber de tr\u00eas a quatro mil pessoas. \u201cA gente produziu 2.500 ingressos. Quanto mais conseguimos arrecadar, ser\u00e1 melhor para os nossos pacientes. Estamos preparados para essas pessoas e fazer uma festa bonita, para atender a todos com muito carinho\u201d, disse.<\/p>\n<p>A festa junina da\u00a0Ascomcer\u00a0vai contar com barraquinhas de bebidas e comidas t\u00edpicas, quadrilha animada e brincadeiras para as crian\u00e7as. Al\u00e9m disso, haver\u00e1 shows musicais com a dupla Renan &amp; Christiano,\u00a0Ranyere, Banda\u00a0Forrutz, Quadrilha Trombone, DJ\u00a0Kalango\u00a0e a dupla infantil Fuxico &amp; Xaveco para alegrar a tarde e a noite de todos os presentes.<\/p>\n<p>No dia do evento, a dire\u00e7\u00e3o do hospital informou que o valor dos ingressos ser\u00e1 de R$15. Para mais informa\u00e7\u00f5es, entrar em contato com o setor de Comunica\u00e7\u00e3o da\u00a0Ascomcer\u00a0atrav\u00e9s do telefone 3311-4030 e 98402-2762 ou pelo e-mail\u00a0<a href=\"mailto:comunicacao@ascomcer.org.br\">comunicacao@ascomcer.org.br<\/a>.<\/p>\n<p>&nbsp;<\/p>\n<p style=\"text-align: center;\"><strong>PROGRAMA\u00c7\u00c3O<\/strong><strong>\u00a0<\/strong><\/p>\n<p><strong>Local:<\/strong> Cascatinha Country Clube<\/p>\n<p><strong>Endere\u00e7o:<\/strong> Rua Miguel Jos\u00e9 Mansur, 380 \u2013 Cascatinha<\/p>\n<p><strong>Data:<\/strong> 9 de junho, de 14h \u00e0s 22h<\/p>\n<p><strong>Shows:<\/strong><strong>\u00a0<\/strong><\/p>\n<p>14h30 \u2013\u00a0Ranyere<\/p>\n<p>15h30 \u2013 Renan &amp; Christiano<\/p>\n<p>17h \u2013 Banda\u00a0Forrutz<\/p>\n<p>18h30 \u2013 Fuxico e Xaveco<\/p>\n<p>19h30 \u2013 Quadrilha Trombone<\/p>\n<p>DJ\u00a0Kalango\u00a0\u2013 Presen\u00e7a durante todo o evento: abertura, intervalos das atra\u00e7\u00f5es e encerramento.<\/p>\n<p>&nbsp;<\/p>\n<p>&nbsp;<\/p>\n","protected":false},"excerpt":{"rendered":"<p>No dia 9 de junho a Associa\u00e7\u00e3o Feminina de Preven\u00e7\u00e3o e Combate ao C\u00e2ncer de Juiz de Fora (Ascomcer) realiza seu 5\u00ba\u00a0Arrai\u00e1\u00a0Beneficente. Evento ser\u00e1 realizado de 14h \u00e0s 22h, no estacionamento do Cascatinha Country Clube (Rua Miguel Jos\u00e9 Mansur, 380 &#8211; Cascatinha). Os ingressos para a festividade j\u00e1 est\u00e3o \u00e0 venda pelo valor de R$12 [&hellip;]<\/p>\n","protected":false},"author":96,"featured_media":106243,"comment_status":"closed","ping_status":"closed","sticky":false,"template":"","format":"standard","meta":{"footnotes":""},"categories":[253,440,439],"tags":[980,981,982],"class_list":["post-106241","post","type-post","status-publish","format-standard","has-post-thumbnail","hentry","category-cidade","category-destaques-do-dia","category-ultima-hora","tag-arraia-beneficente","tag-ascomcer","tag-ingressos"],"_links":{"self":[{"href":"https:\/\/diarioregionaldigital.com.br\/index.php?rest_route=\/wp\/v2\/posts\/106241","targetHints":{"allow":["GET"]}}],"collection":[{"href":"https:\/\/diarioregionaldigital.com.br\/index.php?rest_route=\/wp\/v2\/posts"}],"about":[{"href":"https:\/\/diarioregionaldigital.com.br\/index.php?rest_route=\/wp\/v2\/types\/post"}],"author":[{"embeddable":true,"href":"https:\/\/diarioregionaldigital.com.br\/index.php?rest_route=\/wp\/v2\/users\/96"}],"replies":[{"embeddable":true,"href":"https:\/\/diarioregionaldigital.com.br\/index.php?rest_route=%2Fwp%2Fv2%2Fcomments&post=106241"}],"version-history":[{"count":0,"href":"https:\/\/diarioregionaldigital.com.br\/index.php?rest_route=\/wp\/v2\/posts\/106241\/revisions"}],"wp:featuredmedia":[{"embeddable":true,"href":"https:\/\/diarioregionaldigital.com.br\/index.php?rest_route=\/wp\/v2\/media\/106243"}],"wp:attachment":[{"href":"https:\/\/diarioregionaldigital.com.br\/index.php?rest_route=%2Fwp%2Fv2%2Fmedia&parent=106241"}],"wp:term":[{"taxonomy":"category","embeddable":true,"href":"https:\/\/diarioregionaldigital.com.br\/index.php?rest_route=%2Fwp%2Fv2%2Fcategories&post=106241"},{"taxonomy":"post_tag","embeddable":true,"href":"https:\/\/diarioregionaldigital.com.br\/index.php?rest_route=%2Fwp%2Fv2%2Ftags&post=106241"}],"curies":[{"name":"wp","href":"https:\/\/api.w.org\/{rel}","templated":true}]}}