{"id":106239,"date":"2018-05-29T17:51:54","date_gmt":"2018-05-29T20:51:54","guid":{"rendered":"http:\/\/diarioregionaljf.com.br\/?p=106239"},"modified":"2018-05-29T18:21:53","modified_gmt":"2018-05-29T21:21:53","slug":"policia-civil-escolta-caminhao-tanque-para-abastecer-veiculos-prioritarios-em-leopoldina","status":"publish","type":"post","link":"https:\/\/diarioregionaldigital.com.br\/?p=106239","title":{"rendered":"Pol\u00edcia Civil escolta caminh\u00e3o-tanque para abastecer ve\u00edculos priorit\u00e1rios em Leopoldina"},"content":{"rendered":"<p>A Pol\u00edcia Civil de Leopoldina realizou a escolta de um caminh\u00e3o-tanque na manh\u00e3 dessa ter\u00e7a-feira, 29, para abastecer ve\u00edculos priorit\u00e1rios da sa\u00fade e seguran\u00e7a p\u00fablica do munic\u00edpio. O tipo de combust\u00edvel e a quantidade n\u00e3o foram informados por motivo de seguran\u00e7a.<\/p>\n<p>Segundo a Pol\u00edcia Civil, desde a manh\u00e3 de hoje, os policiais civis, mesmo em\u00a0ponto facultativo decretado pelo Governo de Minas\u00a0devido a greve dos caminhoneiros,\u00a0se deslocaram at\u00e9 a Refinaria Duque de Caxias (Reduc), no Rio de Janeiro, para escoltar o caminh\u00e3o-tanque at\u00e9 Leopoldina. Ainda segundo a pol\u00edcia, a a\u00e7\u00e3o segue enquanto for necess\u00e1ria para garantir a seguran\u00e7a dos caminh\u00f5es durante o deslocamento para abastecimento dos ve\u00edculos do SAMU, Pol\u00edcias Civil e Militar, Corpo de Bombeiros, entre outros priorit\u00e1rios at\u00e9 que a situa\u00e7\u00e3o seja regularizada.<\/p>\n<p>Fonte: O Vigilante Online<\/p>\n","protected":false},"excerpt":{"rendered":"<p>A Pol\u00edcia Civil de Leopoldina realizou a escolta de um caminh\u00e3o-tanque na manh\u00e3 dessa ter\u00e7a-feira, 29, para abastecer ve\u00edculos priorit\u00e1rios da sa\u00fade e seguran\u00e7a p\u00fablica do munic\u00edpio. O tipo de combust\u00edvel e a quantidade n\u00e3o foram informados por motivo de seguran\u00e7a. Segundo a Pol\u00edcia Civil, desde a manh\u00e3 de hoje, os policiais civis, mesmo em\u00a0ponto [&hellip;]<\/p>\n","protected":false},"author":96,"featured_media":106244,"comment_status":"closed","ping_status":"closed","sticky":false,"template":"","format":"standard","meta":{"footnotes":""},"categories":[252,439],"tags":[],"class_list":["post-106239","post","type-post","status-publish","format-standard","has-post-thumbnail","hentry","category-regiao","category-ultima-hora"],"_links":{"self":[{"href":"https:\/\/diarioregionaldigital.com.br\/index.php?rest_route=\/wp\/v2\/posts\/106239","targetHints":{"allow":["GET"]}}],"collection":[{"href":"https:\/\/diarioregionaldigital.com.br\/index.php?rest_route=\/wp\/v2\/posts"}],"about":[{"href":"https:\/\/diarioregionaldigital.com.br\/index.php?rest_route=\/wp\/v2\/types\/post"}],"author":[{"embeddable":true,"href":"https:\/\/diarioregionaldigital.com.br\/index.php?rest_route=\/wp\/v2\/users\/96"}],"replies":[{"embeddable":true,"href":"https:\/\/diarioregionaldigital.com.br\/index.php?rest_route=%2Fwp%2Fv2%2Fcomments&post=106239"}],"version-history":[{"count":0,"href":"https:\/\/diarioregionaldigital.com.br\/index.php?rest_route=\/wp\/v2\/posts\/106239\/revisions"}],"wp:featuredmedia":[{"embeddable":true,"href":"https:\/\/diarioregionaldigital.com.br\/index.php?rest_route=\/wp\/v2\/media\/106244"}],"wp:attachment":[{"href":"https:\/\/diarioregionaldigital.com.br\/index.php?rest_route=%2Fwp%2Fv2%2Fmedia&parent=106239"}],"wp:term":[{"taxonomy":"category","embeddable":true,"href":"https:\/\/diarioregionaldigital.com.br\/index.php?rest_route=%2Fwp%2Fv2%2Fcategories&post=106239"},{"taxonomy":"post_tag","embeddable":true,"href":"https:\/\/diarioregionaldigital.com.br\/index.php?rest_route=%2Fwp%2Fv2%2Ftags&post=106239"}],"curies":[{"name":"wp","href":"https:\/\/api.w.org\/{rel}","templated":true}]}}