{"id":106234,"date":"2018-05-29T17:41:31","date_gmt":"2018-05-29T20:41:31","guid":{"rendered":"http:\/\/diarioregionaljf.com.br\/?p=106234"},"modified":"2018-05-29T18:22:11","modified_gmt":"2018-05-29T21:22:11","slug":"pm-de-folga-captura-adolescente-apos-furto-de-celular-em-muriae","status":"publish","type":"post","link":"https:\/\/diarioregionaldigital.com.br\/?p=106234","title":{"rendered":"PM de folga captura adolescente ap\u00f3s furto de celular em Muria\u00e9"},"content":{"rendered":"<p>Um cabo da Pol\u00edcia Militar (PM) que estava de folga capturou um adolescente envolvido no furto de um celular ocorrido pouco antes, nas imedia\u00e7\u00f5es da Pra\u00e7a Jo\u00e3o Pinheiro, no centro de Muria\u00e9, na tarde dessa segunda-feira, 28. O aparelho foi recuperado e outro adolescente, que segundo a PM, tamb\u00e9m teria participado do furto e estava foragido do Sistema Socioeducativo, foi apreendido. Um terceiro suspeito n\u00e3o foi localizado.<\/p>\n<p>De acordo com a corpora\u00e7\u00e3o, tr\u00eas jovens, sendo ao menos dois deles adolescentes, furtaram o celular de uma mulher e tentaram furtar o telefone de sua filha, mas n\u00e3o conseguiram e fugiram correndo.<\/p>\n<p>O policial militar estava nas proximidades de um supermercado e perseguiu e capturou um dos menores, de 17 anos, ap\u00f3s ver o mesmo correndo enquanto pessoas gritavam \u201cpega ladr\u00e3o\u201d. Com ele, foi recuperado o celular da v\u00edtima, e o militar contou com apoio de populares, que acionaram a PM via 190.<\/p>\n<p>Equipes da pol\u00edcia iniciaram rastreamentos e, na sequ\u00eancia o segundo suspeito foi localizado. Conforme a PM, o jovem tem 16 anos e estava foragido do Centro Socioeducativo de Juiz de Fora, institui\u00e7\u00e3o destinada \u00e0 interna\u00e7\u00e3o de menores infratores.<\/p>\n<p>O terceiro suspeito n\u00e3o foi encontrado e os dois detidos foram conduzidos para apresenta\u00e7\u00e3o \u00e0 Pol\u00edcia Civil (PC), na delegacia do bairro Safira.<\/p>\n<p>Fonte: R\u00e1dio Muria\u00e9<\/p>\n","protected":false},"excerpt":{"rendered":"<p>Um cabo da Pol\u00edcia Militar (PM) que estava de folga capturou um adolescente envolvido no furto de um celular ocorrido pouco antes, nas imedia\u00e7\u00f5es da Pra\u00e7a Jo\u00e3o Pinheiro, no centro de Muria\u00e9, na tarde dessa segunda-feira, 28. O aparelho foi recuperado e outro adolescente, que segundo a PM, tamb\u00e9m teria participado do furto e estava [&hellip;]<\/p>\n","protected":false},"author":96,"featured_media":106235,"comment_status":"closed","ping_status":"closed","sticky":false,"template":"","format":"standard","meta":{"footnotes":""},"categories":[252,439],"tags":[],"class_list":["post-106234","post","type-post","status-publish","format-standard","has-post-thumbnail","hentry","category-regiao","category-ultima-hora"],"_links":{"self":[{"href":"https:\/\/diarioregionaldigital.com.br\/index.php?rest_route=\/wp\/v2\/posts\/106234","targetHints":{"allow":["GET"]}}],"collection":[{"href":"https:\/\/diarioregionaldigital.com.br\/index.php?rest_route=\/wp\/v2\/posts"}],"about":[{"href":"https:\/\/diarioregionaldigital.com.br\/index.php?rest_route=\/wp\/v2\/types\/post"}],"author":[{"embeddable":true,"href":"https:\/\/diarioregionaldigital.com.br\/index.php?rest_route=\/wp\/v2\/users\/96"}],"replies":[{"embeddable":true,"href":"https:\/\/diarioregionaldigital.com.br\/index.php?rest_route=%2Fwp%2Fv2%2Fcomments&post=106234"}],"version-history":[{"count":0,"href":"https:\/\/diarioregionaldigital.com.br\/index.php?rest_route=\/wp\/v2\/posts\/106234\/revisions"}],"wp:featuredmedia":[{"embeddable":true,"href":"https:\/\/diarioregionaldigital.com.br\/index.php?rest_route=\/wp\/v2\/media\/106235"}],"wp:attachment":[{"href":"https:\/\/diarioregionaldigital.com.br\/index.php?rest_route=%2Fwp%2Fv2%2Fmedia&parent=106234"}],"wp:term":[{"taxonomy":"category","embeddable":true,"href":"https:\/\/diarioregionaldigital.com.br\/index.php?rest_route=%2Fwp%2Fv2%2Fcategories&post=106234"},{"taxonomy":"post_tag","embeddable":true,"href":"https:\/\/diarioregionaldigital.com.br\/index.php?rest_route=%2Fwp%2Fv2%2Ftags&post=106234"}],"curies":[{"name":"wp","href":"https:\/\/api.w.org\/{rel}","templated":true}]}}