{"id":106233,"date":"2018-05-29T17:43:50","date_gmt":"2018-05-29T20:43:50","guid":{"rendered":"http:\/\/diarioregionaljf.com.br\/?p=106233"},"modified":"2018-05-29T17:43:50","modified_gmt":"2018-05-29T20:43:50","slug":"pente-fino-economizara-r20-bi-em-beneficios-como-auxilio-doenca","status":"publish","type":"post","link":"https:\/\/diarioregionaldigital.com.br\/?p=106233","title":{"rendered":"Pente-fino economizar\u00e1 R$20 bi em benef\u00edcios como aux\u00edlio-doen\u00e7a"},"content":{"rendered":"<p>As opera\u00e7\u00f5es do tipo pente-fino feitas pelo governo federal nos benef\u00edcios de aux\u00edlio-doen\u00e7a e de aposentadoria por invalidez resultar\u00e3o em uma economia de R$20 bilh\u00f5es para os cofres p\u00fablicos at\u00e9 2019. Desde o in\u00edcio do ano, as medidas j\u00e1 resultaram em uma economia de R$4 bilh\u00f5es apenas com o aux\u00edlio-doen\u00e7a, valor que chegar\u00e1 a R$15 bilh\u00f5es at\u00e9 o fim do ano, disse o ministro do Desenvolvimento Social, Alberto Beltrame.<\/p>\n<p>&nbsp;<\/p>\n<p>No caso da aposentadoria por invalidez, a redu\u00e7\u00e3o de gastos \u00e9 mais lenta porque a pessoa continua recebendo os benef\u00edcios por um ano e meio, contados a partir da constata\u00e7\u00e3o de que j\u00e1 se recuperou do problema que motivou a aposentadoria.<\/p>\n<p>&nbsp;<\/p>\n<p>\u201cCom o pente-fino que estamos implementando nas aposentadorias por invalidez, vamos economizar R$5 bilh\u00f5es at\u00e9 o final de 2018\u201d, disse o ministro. Durante o programa, Beltrame comentou tamb\u00e9m o pente-fino feito no Bolsa Fam\u00edlia e nos demais Benef\u00edcios de Presta\u00e7\u00e3o Continuada (BPC). Falou tamb\u00e9m sobre as expectativas com o Crian\u00e7a Feliz, programa que prev\u00ea uma s\u00e9rie de atividades de estimula\u00e7\u00e3o precoce a serem feitas nos primeiros mil dias do rec\u00e9m-nascido.<\/p>\n<p>&nbsp;<\/p>\n<p>\u201cEstudos mostram que, quando isso acontece, s\u00e3o maiores as chances de as crian\u00e7as chegarem \u00e0 idade escolar com melhor desenvolvimento. O resultado s\u00e3o crian\u00e7as com sistemas cognitivos melhores, maior capacidade de aprendizado e melhores condi\u00e7\u00f5es para o mercado de trabalho\u201d, disse o ministro. Segundo Beltrame, a ideia \u00e9 chegar ao fim do ano com pelo menos 700 mil crian\u00e7as atendidas pelo Crian\u00e7a Feliz.<\/p>\n<p>&nbsp;<\/p>\n<p>Fonte: Ag\u00eancia Brasil<\/p>\n","protected":false},"excerpt":{"rendered":"<p>As opera\u00e7\u00f5es do tipo pente-fino feitas pelo governo federal nos benef\u00edcios de aux\u00edlio-doen\u00e7a e de aposentadoria por invalidez resultar\u00e3o em uma economia de R$20 bilh\u00f5es para os cofres p\u00fablicos at\u00e9 2019. Desde o in\u00edcio do ano, as medidas j\u00e1 resultaram em uma economia de R$4 bilh\u00f5es apenas com o aux\u00edlio-doen\u00e7a, valor que chegar\u00e1 a R$15 [&hellip;]<\/p>\n","protected":false},"author":96,"featured_media":106237,"comment_status":"closed","ping_status":"closed","sticky":false,"template":"","format":"standard","meta":{"footnotes":""},"categories":[261,439],"tags":[],"class_list":["post-106233","post","type-post","status-publish","format-standard","has-post-thumbnail","hentry","category-economia","category-ultima-hora"],"_links":{"self":[{"href":"https:\/\/diarioregionaldigital.com.br\/index.php?rest_route=\/wp\/v2\/posts\/106233","targetHints":{"allow":["GET"]}}],"collection":[{"href":"https:\/\/diarioregionaldigital.com.br\/index.php?rest_route=\/wp\/v2\/posts"}],"about":[{"href":"https:\/\/diarioregionaldigital.com.br\/index.php?rest_route=\/wp\/v2\/types\/post"}],"author":[{"embeddable":true,"href":"https:\/\/diarioregionaldigital.com.br\/index.php?rest_route=\/wp\/v2\/users\/96"}],"replies":[{"embeddable":true,"href":"https:\/\/diarioregionaldigital.com.br\/index.php?rest_route=%2Fwp%2Fv2%2Fcomments&post=106233"}],"version-history":[{"count":0,"href":"https:\/\/diarioregionaldigital.com.br\/index.php?rest_route=\/wp\/v2\/posts\/106233\/revisions"}],"wp:featuredmedia":[{"embeddable":true,"href":"https:\/\/diarioregionaldigital.com.br\/index.php?rest_route=\/wp\/v2\/media\/106237"}],"wp:attachment":[{"href":"https:\/\/diarioregionaldigital.com.br\/index.php?rest_route=%2Fwp%2Fv2%2Fmedia&parent=106233"}],"wp:term":[{"taxonomy":"category","embeddable":true,"href":"https:\/\/diarioregionaldigital.com.br\/index.php?rest_route=%2Fwp%2Fv2%2Fcategories&post=106233"},{"taxonomy":"post_tag","embeddable":true,"href":"https:\/\/diarioregionaldigital.com.br\/index.php?rest_route=%2Fwp%2Fv2%2Ftags&post=106233"}],"curies":[{"name":"wp","href":"https:\/\/api.w.org\/{rel}","templated":true}]}}