{"id":106229,"date":"2018-05-29T17:32:48","date_gmt":"2018-05-29T20:32:48","guid":{"rendered":"http:\/\/diarioregionaljf.com.br\/?p=106229"},"modified":"2018-05-29T17:32:48","modified_gmt":"2018-05-29T20:32:48","slug":"prf-escolta-veiculos-que-irao-abastecer-jf","status":"publish","type":"post","link":"https:\/\/diarioregionaldigital.com.br\/?p=106229","title":{"rendered":"PRF escolta ve\u00edculos que ir\u00e3o abastecer JF"},"content":{"rendered":"<p>A Pol\u00edcia Rodovi\u00e1ria Federal (PRF) informou que policiais realizam na tarde dessa ter\u00e7a-feira, 29, a escolta do comboio dos ve\u00edculos de abastecimento de combust\u00edveis do munic\u00edpio de Juiz de Fora. Conforme a corpora\u00e7\u00e3o, s\u00e3o 13 ve\u00edculos de gasolina, cinco de etanol, nove de diesel, oito de GLP e um de \u00e1cido clor\u00eddrico.<\/p>\n<p>A medida foi viabilizada pela articula\u00e7\u00e3o da Prefeitura de Juiz de Fora (PJF) junto \u00e0 Pol\u00edcia Rodovi\u00e1ria Federal para que uma nova escolta fosse feita a um comboio de caminh\u00f5es que deixou o munic\u00edpio no in\u00edcio dessa tarde, em dire\u00e7\u00e3o \u00e0 refinaria de Duque de Caxias, no Rio de Janeiro, al\u00e9m da garantia de uma reserva t\u00e9cnica nos postos que pretende assegurar os servi\u00e7os essenciais pelos pr\u00f3ximos dias. A PRF liberou a participa\u00e7\u00e3o de outros caminh\u00f5es de empresas locais neste comboio, que tamb\u00e9m dever\u00e1 trazer \u00e0 cidade uma carga de g\u00e1s. O produto ser\u00e1 comercializado, conforme definido pelo decreto, um botij\u00e3o por unidade residencial.<\/p>\n<p>Uma terceira escolta de seguran\u00e7a est\u00e1 sendo organizada para seguir at\u00e9 a Refinaria Duque de Caxias, na Baixada Fluminense, no Rio de Janeiro, nesta quarta-feira, 30, com concentra\u00e7\u00e3o marcada para a Avenida Deusdedit Salgado, na altura do Terrazzo, e sa\u00edda prevista para o meio-dia. O comboio est\u00e1 sendo articulado entre a Prefeitura de Juiz de Fora e as for\u00e7as de seguran\u00e7a e est\u00e1 aberto a todos os servi\u00e7os de transporte, incluindo combust\u00edveis, g\u00e1s LP, g\u00eaneros aliment\u00edcios, de sa\u00fade e de todos os itens de abastecimento da cidade. A Pol\u00edcia Militar far\u00e1 uma vistoria nos ve\u00edculos antes do in\u00edcio da viagem. A medida \u00e9 mais uma a\u00e7\u00e3o da estrat\u00e9gia para a garantia do restabelecimento da oferta de bens e servi\u00e7os essenciais em Juiz de Fora.<\/p>\n<p>&nbsp;<\/p>\n<p><strong>VE\u00cdCULOS PARTICULARES<\/strong><\/p>\n<p>A Prefeitura de Juiz de Fora liberou o fornecimento de combust\u00edveis tamb\u00e9m para ve\u00edculos particulares, com respeito ao limite de 20 litros por carro, como determinado pelo decreto de situa\u00e7\u00e3o de emerg\u00eancia, para os postos TLP, Elefantinho e Choferes, que participaram do primeiro comboio de caminh\u00f5es que chegou ao munic\u00edpio nessa ter\u00e7a-feira vindo de Betim (MG).<\/p>\n<p><strong>\u00a0<\/strong><\/p>\n<p><strong>FISCALIZA\u00c7\u00c3O\u00a0<\/strong><\/p>\n<p>A fiscaliza\u00e7\u00e3o do reabastecimento na cidade foi intensificada nesSa ter\u00e7a-feira, atrav\u00e9s do Procon, visando inibir pre\u00e7os abusivos, considerando o C\u00f3digo de Defesa do Consumidor, contando tamb\u00e9m com a Guarda Municipal, os fiscais de Posturas Municipais, da Secretaria Municipal de Atividades Urbanas (SAU), e da Vigil\u00e2ncia Sanit\u00e1ria, da Secretaria de Sa\u00fade (SS), que est\u00e3o dando apoio \u00e0 for\u00e7a tarefa para o cumprimento do decreto de situa\u00e7\u00e3o de emerg\u00eancia, editado na \u00faltima segunda-feira.<\/p>\n<p>A Secretaria de Transporte e Tr\u00e2nsito (Settra), em parceria com as Pol\u00edcias Militar e Civil, tamb\u00e9m refor\u00e7ou a fiscaliza\u00e7\u00e3o do abastecimento priorit\u00e1rio destinado aos t\u00e1xis nos postos da cidade durante a vig\u00eancia do decreto de situa\u00e7\u00e3o de emerg\u00eancia. Segundo a Settra, a den\u00fancia de que alguns motoristas est\u00e3o abastecendo, comercializando ou estocando esse combust\u00edvel e retornando para a fila, ser\u00e1 rigorosamente apurada, com severa puni\u00e7\u00e3o aos infratores, que podem inclusive perder suas permiss\u00f5es de atua\u00e7\u00e3o e responderem a processo judicial. O \u00f3rg\u00e3o refor\u00e7a que o momento \u00e9 de conscientiza\u00e7\u00e3o pelo bem coletivo e pela garantia do abastecimento dos servi\u00e7os essenciais na cidade.<\/p>\n<p>Outros postos da cidade, que mesmo n\u00e3o estando no primeiro comboio e que conseguiram viabilizar a comercializa\u00e7\u00e3o de combust\u00edvel, tamb\u00e9m est\u00e3o sendo fiscalizados pela for\u00e7a-tarefa feita pelo Procon, Settra e SAU para o cumprimento da defini\u00e7\u00e3o de aquisi\u00e7\u00e3o limitada de 20 litros do produto por dia e tamb\u00e9m pela prioriza\u00e7\u00e3o dos servi\u00e7os essenciais.<\/p>\n<p>&nbsp;<\/p>\n<p>Fonte: Assessoria<\/p>\n<p>&nbsp;<\/p>\n<p>&nbsp;<\/p>\n<p>&nbsp;<\/p>\n<p>&nbsp;<\/p>\n","protected":false},"excerpt":{"rendered":"<p>A Pol\u00edcia Rodovi\u00e1ria Federal (PRF) informou que policiais realizam na tarde dessa ter\u00e7a-feira, 29, a escolta do comboio dos ve\u00edculos de abastecimento de combust\u00edveis do munic\u00edpio de Juiz de Fora. Conforme a corpora\u00e7\u00e3o, s\u00e3o 13 ve\u00edculos de gasolina, cinco de etanol, nove de diesel, oito de GLP e um de \u00e1cido clor\u00eddrico. A medida foi [&hellip;]<\/p>\n","protected":false},"author":96,"featured_media":106230,"comment_status":"closed","ping_status":"closed","sticky":false,"template":"","format":"standard","meta":{"footnotes":""},"categories":[253,440,439],"tags":[],"class_list":["post-106229","post","type-post","status-publish","format-standard","has-post-thumbnail","hentry","category-cidade","category-destaques-do-dia","category-ultima-hora"],"_links":{"self":[{"href":"https:\/\/diarioregionaldigital.com.br\/index.php?rest_route=\/wp\/v2\/posts\/106229","targetHints":{"allow":["GET"]}}],"collection":[{"href":"https:\/\/diarioregionaldigital.com.br\/index.php?rest_route=\/wp\/v2\/posts"}],"about":[{"href":"https:\/\/diarioregionaldigital.com.br\/index.php?rest_route=\/wp\/v2\/types\/post"}],"author":[{"embeddable":true,"href":"https:\/\/diarioregionaldigital.com.br\/index.php?rest_route=\/wp\/v2\/users\/96"}],"replies":[{"embeddable":true,"href":"https:\/\/diarioregionaldigital.com.br\/index.php?rest_route=%2Fwp%2Fv2%2Fcomments&post=106229"}],"version-history":[{"count":0,"href":"https:\/\/diarioregionaldigital.com.br\/index.php?rest_route=\/wp\/v2\/posts\/106229\/revisions"}],"wp:featuredmedia":[{"embeddable":true,"href":"https:\/\/diarioregionaldigital.com.br\/index.php?rest_route=\/wp\/v2\/media\/106230"}],"wp:attachment":[{"href":"https:\/\/diarioregionaldigital.com.br\/index.php?rest_route=%2Fwp%2Fv2%2Fmedia&parent=106229"}],"wp:term":[{"taxonomy":"category","embeddable":true,"href":"https:\/\/diarioregionaldigital.com.br\/index.php?rest_route=%2Fwp%2Fv2%2Fcategories&post=106229"},{"taxonomy":"post_tag","embeddable":true,"href":"https:\/\/diarioregionaldigital.com.br\/index.php?rest_route=%2Fwp%2Fv2%2Ftags&post=106229"}],"curies":[{"name":"wp","href":"https:\/\/api.w.org\/{rel}","templated":true}]}}