{"id":106226,"date":"2018-05-29T17:27:28","date_gmt":"2018-05-29T20:27:28","guid":{"rendered":"http:\/\/diarioregionaljf.com.br\/?p=106226"},"modified":"2018-05-29T17:27:28","modified_gmt":"2018-05-29T20:27:28","slug":"pesquisa-aponta-que-perdas-no-comercio-chegam-a-r31-bi-em-seis-estados","status":"publish","type":"post","link":"https:\/\/diarioregionaldigital.com.br\/?p=106226","title":{"rendered":"Pesquisa aponta que perdas no com\u00e9rcio chegam a R$3,1 bi em seis estados"},"content":{"rendered":"<p>Levantamento da Confedera\u00e7\u00e3o Nacional do Com\u00e9rcio de Bens, Servi\u00e7os e Turismo (CNC) divulgado aponta perdas de\u00a0R$3,1 bilh\u00f5es ap\u00f3s os oito dias de paralisa\u00e7\u00e3o dos caminhoneiros, considerando\u00a0os impactos em seis unidades da federa\u00e7\u00e3o:\u00a0S\u00e3o Paulo, Minas Gerais, Rio de Janeiro, Paran\u00e1, Bahia e Distrito Federal.<\/p>\n<p>Do total contabilizado at\u00e9 28 de maio,\u00a0R$1,42 bilh\u00e3o se refere \u00e0 perda\u00a0nas vendas de combust\u00edveis e lubrificantes. Somam-se ainda\u00a0R$1,73 bilh\u00e3o relativos\u00a0\u00e0 restri\u00e7\u00e3o da\u00a0oferta de produtos hortifrutigranjeiros no ramo de hiper, supermercados e minimercados, em raz\u00e3o dos bloqueios das estradas.<\/p>\n<p>De acordo com a CNC, os ramos de combust\u00edveis e supermercados respondem por 47% do volume anual de vendas do varejo brasileiro. Os seis estados avaliados na pesquisa s\u00e3o respons\u00e1veis por 56%\u00a0da receita dos dois segmentos, em n\u00edvel nacional.<\/p>\n<p>Segundo os c\u00e1lculos da entidade, o preju\u00edzo\u00a0registrado\u00a0durante o bloqueio do transporte de cargas\u00a0representa 4,6% no faturamento mensal do setor supermercadista e 12,7% do faturamento m\u00e9dio mensal no segmento de combust\u00edveis nas regi\u00f5es avaliadas.<\/p>\n<p>Com as\u00a0perdas registradas\u00a0pelos dois mais relevantes ramos do varejo, a CNC revisou sua expectativa do volume de vendas em 2018 de +5,4% para +4,7%.<\/p>\n<p>&nbsp;<\/p>\n<p>Fonte: Ag\u00eancia Brasil<\/p>\n","protected":false},"excerpt":{"rendered":"<p>Levantamento da Confedera\u00e7\u00e3o Nacional do Com\u00e9rcio de Bens, Servi\u00e7os e Turismo (CNC) divulgado aponta perdas de\u00a0R$3,1 bilh\u00f5es ap\u00f3s os oito dias de paralisa\u00e7\u00e3o dos caminhoneiros, considerando\u00a0os impactos em seis unidades da federa\u00e7\u00e3o:\u00a0S\u00e3o Paulo, Minas Gerais, Rio de Janeiro, Paran\u00e1, Bahia e Distrito Federal. Do total contabilizado at\u00e9 28 de maio,\u00a0R$1,42 bilh\u00e3o se refere \u00e0 perda\u00a0nas [&hellip;]<\/p>\n","protected":false},"author":96,"featured_media":106227,"comment_status":"closed","ping_status":"closed","sticky":false,"template":"","format":"standard","meta":{"footnotes":""},"categories":[261,439],"tags":[],"class_list":["post-106226","post","type-post","status-publish","format-standard","has-post-thumbnail","hentry","category-economia","category-ultima-hora"],"_links":{"self":[{"href":"https:\/\/diarioregionaldigital.com.br\/index.php?rest_route=\/wp\/v2\/posts\/106226","targetHints":{"allow":["GET"]}}],"collection":[{"href":"https:\/\/diarioregionaldigital.com.br\/index.php?rest_route=\/wp\/v2\/posts"}],"about":[{"href":"https:\/\/diarioregionaldigital.com.br\/index.php?rest_route=\/wp\/v2\/types\/post"}],"author":[{"embeddable":true,"href":"https:\/\/diarioregionaldigital.com.br\/index.php?rest_route=\/wp\/v2\/users\/96"}],"replies":[{"embeddable":true,"href":"https:\/\/diarioregionaldigital.com.br\/index.php?rest_route=%2Fwp%2Fv2%2Fcomments&post=106226"}],"version-history":[{"count":0,"href":"https:\/\/diarioregionaldigital.com.br\/index.php?rest_route=\/wp\/v2\/posts\/106226\/revisions"}],"wp:featuredmedia":[{"embeddable":true,"href":"https:\/\/diarioregionaldigital.com.br\/index.php?rest_route=\/wp\/v2\/media\/106227"}],"wp:attachment":[{"href":"https:\/\/diarioregionaldigital.com.br\/index.php?rest_route=%2Fwp%2Fv2%2Fmedia&parent=106226"}],"wp:term":[{"taxonomy":"category","embeddable":true,"href":"https:\/\/diarioregionaldigital.com.br\/index.php?rest_route=%2Fwp%2Fv2%2Fcategories&post=106226"},{"taxonomy":"post_tag","embeddable":true,"href":"https:\/\/diarioregionaldigital.com.br\/index.php?rest_route=%2Fwp%2Fv2%2Ftags&post=106226"}],"curies":[{"name":"wp","href":"https:\/\/api.w.org\/{rel}","templated":true}]}}