{"id":106192,"date":"2018-05-29T16:10:17","date_gmt":"2018-05-29T19:10:17","guid":{"rendered":"http:\/\/diarioregionaljf.com.br\/?p=106192"},"modified":"2018-05-29T16:10:17","modified_gmt":"2018-05-29T19:10:17","slug":"parque-da-lajinha-funciona-normalmente-no-feriado","status":"publish","type":"post","link":"https:\/\/diarioregionaldigital.com.br\/?p=106192","title":{"rendered":"Parque da Lajinha funciona normalmente no feriado"},"content":{"rendered":"<p>O Parque Natural Municipal da Lajinha funcionar\u00e1 normalmente \u2013 das 8h \u00e0s 17h \u2013 nos dias 31, quinta-feira, feriado de \u201cCorpus Christi\u201d, e sexta-feira, 1\u00ba de junho, ponto facultativo na Prefeitura de Juiz de Fora (PJF). O parque \u00e9 Unidade de Conserva\u00e7\u00e3o da Natureza, protegido pela Lei Federal n\u00ba 9.985, de 2000, que instituiu o Sistema Nacional de Unidades de Conserva\u00e7\u00e3o, e pelo Decreto Municipal n\u00ba 11.266\/2012. Localizado na Avenida Deusdedit Salgado, no bairro Teixeiras, zona Sul, tem aproximadamente 86 hectares, em sua maioria com vegeta\u00e7\u00e3o nativa, em fragmento da Mata Atl\u00e2ntica, e \u00e1rea de reflorestamento, sendo 10% desta \u00e1rea de acesso ao p\u00fablico.<\/p>\n<p><b>Eventos<\/b><\/p>\n<p>Visando a preserva\u00e7\u00e3o e organiza\u00e7\u00e3o do espa\u00e7o, a Secretaria de Meio Ambiente (SMA) da PJF, que gerencia o parque, orienta os interessados que a realiza\u00e7\u00e3o de qualquer tipo de evento no local deve ter agendamento pr\u00e9vio. O requerente deve ter conhecimento do decreto municipal que normatiza aplica\u00e7\u00e3o e responsabilidade sobre utiliza\u00e7\u00e3o do parque. O pedido de realiza\u00e7\u00e3o do evento deve ser protocolado em qualquer Espa\u00e7o Cidad\u00e3o, com o preenchimento do formul\u00e1rio denominado \u201cApresenta\u00e7\u00e3o de Proposta de Projetos\/Eventos no Parque Natural Municipal da Lajinha\u201d. O documento ser\u00e1 remetido \u00e0 SMA para an\u00e1lise.<\/p>\n<p>Os documentos necess\u00e1rios para dar entrada no pedido s\u00e3o: c\u00f3pia do Cadastro Nacional da Pessoa Jur\u00eddica (CNPJ) da empresa solicitante, ou do documento de identifica\u00e7\u00e3o, com foto do solicitante (pessoa f\u00edsica); e croquis da \u00e1rea pretendida, onde dever\u00e3o estar indicados todos os equipamentos a serem utilizados. O evento deve respeitar o hor\u00e1rio de funcionamento do parque. D\u00favidas podem ser esclarecidas no Departamento de Educa\u00e7\u00e3o Ambiental e Prote\u00e7\u00e3o dos Recursos Naturais (Deapren), pelo telefone 3690-7118.<\/p>\n<p>Fonte: Assessoria<\/p>\n","protected":false},"excerpt":{"rendered":"<p>O Parque Natural Municipal da Lajinha funcionar\u00e1 normalmente \u2013 das 8h \u00e0s 17h \u2013 nos dias 31, quinta-feira, feriado de \u201cCorpus Christi\u201d, e sexta-feira, 1\u00ba de junho, ponto facultativo na Prefeitura de Juiz de Fora (PJF). O parque \u00e9 Unidade de Conserva\u00e7\u00e3o da Natureza, protegido pela Lei Federal n\u00ba 9.985, de 2000, que instituiu o [&hellip;]<\/p>\n","protected":false},"author":96,"featured_media":106193,"comment_status":"closed","ping_status":"closed","sticky":false,"template":"","format":"standard","meta":{"footnotes":""},"categories":[253,439],"tags":[],"class_list":["post-106192","post","type-post","status-publish","format-standard","has-post-thumbnail","hentry","category-cidade","category-ultima-hora"],"_links":{"self":[{"href":"https:\/\/diarioregionaldigital.com.br\/index.php?rest_route=\/wp\/v2\/posts\/106192","targetHints":{"allow":["GET"]}}],"collection":[{"href":"https:\/\/diarioregionaldigital.com.br\/index.php?rest_route=\/wp\/v2\/posts"}],"about":[{"href":"https:\/\/diarioregionaldigital.com.br\/index.php?rest_route=\/wp\/v2\/types\/post"}],"author":[{"embeddable":true,"href":"https:\/\/diarioregionaldigital.com.br\/index.php?rest_route=\/wp\/v2\/users\/96"}],"replies":[{"embeddable":true,"href":"https:\/\/diarioregionaldigital.com.br\/index.php?rest_route=%2Fwp%2Fv2%2Fcomments&post=106192"}],"version-history":[{"count":0,"href":"https:\/\/diarioregionaldigital.com.br\/index.php?rest_route=\/wp\/v2\/posts\/106192\/revisions"}],"wp:featuredmedia":[{"embeddable":true,"href":"https:\/\/diarioregionaldigital.com.br\/index.php?rest_route=\/wp\/v2\/media\/106193"}],"wp:attachment":[{"href":"https:\/\/diarioregionaldigital.com.br\/index.php?rest_route=%2Fwp%2Fv2%2Fmedia&parent=106192"}],"wp:term":[{"taxonomy":"category","embeddable":true,"href":"https:\/\/diarioregionaldigital.com.br\/index.php?rest_route=%2Fwp%2Fv2%2Fcategories&post=106192"},{"taxonomy":"post_tag","embeddable":true,"href":"https:\/\/diarioregionaldigital.com.br\/index.php?rest_route=%2Fwp%2Fv2%2Ftags&post=106192"}],"curies":[{"name":"wp","href":"https:\/\/api.w.org\/{rel}","templated":true}]}}