{"id":106189,"date":"2018-05-29T15:57:44","date_gmt":"2018-05-29T18:57:44","guid":{"rendered":"http:\/\/diarioregionaljf.com.br\/?p=106189"},"modified":"2018-05-29T15:57:44","modified_gmt":"2018-05-29T18:57:44","slug":"universidade-garante-insumos-necessarios-para-atendimento-de-hemodialise-no-hu","status":"publish","type":"post","link":"https:\/\/diarioregionaldigital.com.br\/?p=106189","title":{"rendered":"Universidade garante insumos necess\u00e1rios para atendimento de hemodi\u00e1lise no HU"},"content":{"rendered":"<p>A Universidade Federal de Juiz de Fora (UFJF), por meio da Pr\u00f3-Reitoria de Infraestrutura e Gest\u00e3o (Proinfra), viabilizou um micro-\u00f4nibus para possibilitar os insumos necess\u00e1rios para garantir o tratamento de hemodi\u00e1lise realizado pelo Hospital Universit\u00e1rio (HU-UFJF). O ve\u00edculo\u00a0foi encaminhado para Belo Horizonte e retornar\u00e1 para Juiz de Fora com os materiais. O atendimento aos usu\u00e1rios do Sistema \u00danico de Sa\u00fade (SUS) que fazem hemodi\u00e1lise no HU-UFJF acontece de segunda-feira a s\u00e1bado, nos turnos da manh\u00e3 e da tarde. Ao todo, s\u00e3o aproximadamente 50 atendimentos di\u00e1rios.<\/p>\n<p>Fonte: Assessoria<\/p>\n","protected":false},"excerpt":{"rendered":"<p>A Universidade Federal de Juiz de Fora (UFJF), por meio da Pr\u00f3-Reitoria de Infraestrutura e Gest\u00e3o (Proinfra), viabilizou um micro-\u00f4nibus para possibilitar os insumos necess\u00e1rios para garantir o tratamento de hemodi\u00e1lise realizado pelo Hospital Universit\u00e1rio (HU-UFJF). O ve\u00edculo\u00a0foi encaminhado para Belo Horizonte e retornar\u00e1 para Juiz de Fora com os materiais. O atendimento aos usu\u00e1rios [&hellip;]<\/p>\n","protected":false},"author":96,"featured_media":106190,"comment_status":"closed","ping_status":"closed","sticky":false,"template":"","format":"standard","meta":{"footnotes":""},"categories":[253,440,439],"tags":[],"class_list":["post-106189","post","type-post","status-publish","format-standard","has-post-thumbnail","hentry","category-cidade","category-destaques-do-dia","category-ultima-hora"],"_links":{"self":[{"href":"https:\/\/diarioregionaldigital.com.br\/index.php?rest_route=\/wp\/v2\/posts\/106189","targetHints":{"allow":["GET"]}}],"collection":[{"href":"https:\/\/diarioregionaldigital.com.br\/index.php?rest_route=\/wp\/v2\/posts"}],"about":[{"href":"https:\/\/diarioregionaldigital.com.br\/index.php?rest_route=\/wp\/v2\/types\/post"}],"author":[{"embeddable":true,"href":"https:\/\/diarioregionaldigital.com.br\/index.php?rest_route=\/wp\/v2\/users\/96"}],"replies":[{"embeddable":true,"href":"https:\/\/diarioregionaldigital.com.br\/index.php?rest_route=%2Fwp%2Fv2%2Fcomments&post=106189"}],"version-history":[{"count":0,"href":"https:\/\/diarioregionaldigital.com.br\/index.php?rest_route=\/wp\/v2\/posts\/106189\/revisions"}],"wp:featuredmedia":[{"embeddable":true,"href":"https:\/\/diarioregionaldigital.com.br\/index.php?rest_route=\/wp\/v2\/media\/106190"}],"wp:attachment":[{"href":"https:\/\/diarioregionaldigital.com.br\/index.php?rest_route=%2Fwp%2Fv2%2Fmedia&parent=106189"}],"wp:term":[{"taxonomy":"category","embeddable":true,"href":"https:\/\/diarioregionaldigital.com.br\/index.php?rest_route=%2Fwp%2Fv2%2Fcategories&post=106189"},{"taxonomy":"post_tag","embeddable":true,"href":"https:\/\/diarioregionaldigital.com.br\/index.php?rest_route=%2Fwp%2Fv2%2Ftags&post=106189"}],"curies":[{"name":"wp","href":"https:\/\/api.w.org\/{rel}","templated":true}]}}