{"id":106186,"date":"2018-05-29T15:49:04","date_gmt":"2018-05-29T18:49:04","guid":{"rendered":"http:\/\/diarioregionaljf.com.br\/?p=106186"},"modified":"2018-05-29T15:49:04","modified_gmt":"2018-05-29T18:49:04","slug":"demlurb-informa-horario-e-servicos-em-funcionamento","status":"publish","type":"post","link":"https:\/\/diarioregionaldigital.com.br\/?p=106186","title":{"rendered":"Demlurb informa hor\u00e1rio e servi\u00e7os em funcionamento"},"content":{"rendered":"<p>Em virtude do decreto municipal de situa\u00e7\u00e3o de emerg\u00eancia, que determina o funcionamento dos servi\u00e7os essenciais, o Departamento Municipal de Limpeza Urbana (Demlurb) informou nessa ter\u00e7a-feira, 29, que a coleta domiciliar opera sem altera\u00e7\u00e3o de rota ou preju\u00edzo em sua execu\u00e7\u00e3o, j\u00e1 a seletiva funciona em esquema reduzido, por\u00e9m, percorrendo toda a rota preexistente. Os servi\u00e7os de ro\u00e7ada e capina est\u00e3o temporariamente paralisados e os atendimentos prestados pelo setor administrativo acontecem de 8h \u00e0s 14h. Na quinta-feira, 31, feriado nacional de \u201cCorpus Christi\u201d, n\u00e3o haver\u00e1 coleta de lixo domiciliar e seletiva. Os servi\u00e7os retornar\u00e3o normalmente nos dias 1\u00ba e 2 de junho.<\/p>\n<p>O atendimento ao p\u00fablico para a realiza\u00e7\u00e3o do cadastro de castra\u00e7\u00e3o e servi\u00e7os prestados pelo Departamento e Controle Animal (Dcan), funcionam de 8h \u00e0s 14h. No Canil Municipal, o disque-ado\u00e7\u00e3o tamb\u00e9m atua em esquema reduzido. O plant\u00e3o para recolhimento de animais mortos permanece 24 horas. O Castram\u00f3vel est\u00e1 temporariamente paralisado.<\/p>\n<p>Fonte: Assessoria<\/p>\n","protected":false},"excerpt":{"rendered":"<p>Em virtude do decreto municipal de situa\u00e7\u00e3o de emerg\u00eancia, que determina o funcionamento dos servi\u00e7os essenciais, o Departamento Municipal de Limpeza Urbana (Demlurb) informou nessa ter\u00e7a-feira, 29, que a coleta domiciliar opera sem altera\u00e7\u00e3o de rota ou preju\u00edzo em sua execu\u00e7\u00e3o, j\u00e1 a seletiva funciona em esquema reduzido, por\u00e9m, percorrendo toda a rota preexistente. Os [&hellip;]<\/p>\n","protected":false},"author":96,"featured_media":106187,"comment_status":"closed","ping_status":"closed","sticky":false,"template":"","format":"standard","meta":{"footnotes":""},"categories":[253,439],"tags":[],"class_list":["post-106186","post","type-post","status-publish","format-standard","has-post-thumbnail","hentry","category-cidade","category-ultima-hora"],"_links":{"self":[{"href":"https:\/\/diarioregionaldigital.com.br\/index.php?rest_route=\/wp\/v2\/posts\/106186","targetHints":{"allow":["GET"]}}],"collection":[{"href":"https:\/\/diarioregionaldigital.com.br\/index.php?rest_route=\/wp\/v2\/posts"}],"about":[{"href":"https:\/\/diarioregionaldigital.com.br\/index.php?rest_route=\/wp\/v2\/types\/post"}],"author":[{"embeddable":true,"href":"https:\/\/diarioregionaldigital.com.br\/index.php?rest_route=\/wp\/v2\/users\/96"}],"replies":[{"embeddable":true,"href":"https:\/\/diarioregionaldigital.com.br\/index.php?rest_route=%2Fwp%2Fv2%2Fcomments&post=106186"}],"version-history":[{"count":0,"href":"https:\/\/diarioregionaldigital.com.br\/index.php?rest_route=\/wp\/v2\/posts\/106186\/revisions"}],"wp:featuredmedia":[{"embeddable":true,"href":"https:\/\/diarioregionaldigital.com.br\/index.php?rest_route=\/wp\/v2\/media\/106187"}],"wp:attachment":[{"href":"https:\/\/diarioregionaldigital.com.br\/index.php?rest_route=%2Fwp%2Fv2%2Fmedia&parent=106186"}],"wp:term":[{"taxonomy":"category","embeddable":true,"href":"https:\/\/diarioregionaldigital.com.br\/index.php?rest_route=%2Fwp%2Fv2%2Fcategories&post=106186"},{"taxonomy":"post_tag","embeddable":true,"href":"https:\/\/diarioregionaldigital.com.br\/index.php?rest_route=%2Fwp%2Fv2%2Ftags&post=106186"}],"curies":[{"name":"wp","href":"https:\/\/api.w.org\/{rel}","templated":true}]}}