{"id":106165,"date":"2018-05-29T13:16:59","date_gmt":"2018-05-29T16:16:59","guid":{"rendered":"http:\/\/diarioregionaljf.com.br\/?p=106165"},"modified":"2018-05-29T13:57:35","modified_gmt":"2018-05-29T16:57:35","slug":"motoristas-formam-fila-em-busca-de-combustivel-nos-postos-de-juiz-de-fora","status":"publish","type":"post","link":"https:\/\/diarioregionaldigital.com.br\/?p=106165","title":{"rendered":"Motoristas formam fila em busca de combust\u00edvel nos postos de Juiz de Fora"},"content":{"rendered":"<p>Chegando ao 9\u00ba dia de greve dos caminhoneiros e paralisa\u00e7\u00e3o de diversos setores da sociedade devido \u00e0 falta de combust\u00edvel, os primeiros sinais de resolu\u00e7\u00e3o da situa\u00e7\u00e3o come\u00e7am a surgir em Juiz de Fora.<\/p>\n<p>Na madrugada desta ter\u00e7a-feira, 29, atrav\u00e9s de escolta da Pol\u00edcia Militar (PM), os primeiros caminh\u00f5es com combust\u00edvel chegaram \u00e0 cidade a fim de atenderem estritamente o abastecimento dos servi\u00e7os essenciais, conforme prev\u00ea o decreto de situa\u00e7\u00e3o de emerg\u00eancia publicado nesta segunda-feira, 28, pela Prefeitura Municipal.<\/p>\n<p>De acordo com o decreto, s\u00e3o considerados servi\u00e7os p\u00fablicos essenciais aqueles da \u00e1rea de sa\u00fade (transporte de pacientes e de material biol\u00f3gico, gases medicinais e diesel para geradores, distribui\u00e7\u00e3o de insumos, vacinas e medicamentos), educa\u00e7\u00e3o (transporte de alunos e distribui\u00e7\u00e3o de g\u00eaneros aliment\u00edcios para os estabelecimentos educacionais), transporte urbano de passageiros, coletivos e taxis, coleta de lixo, abastecimento e tratamento de \u00e1gua, servi\u00e7o funer\u00e1rio e servi\u00e7o de seguran\u00e7a urbana e defesa civil. Ve\u00edculos particulares vinculados ao atendimento \u00e0 sa\u00fade (ambul\u00e2ncias) e \u00e0 presta\u00e7\u00e3o de servi\u00e7os p\u00fablicos essenciais (empresas contratadas pelo munic\u00edpio para este fim) poder\u00e3o ser abastecidos, por\u00e9m dentro do limite estabelecido no decreto, de 20 litros de combust\u00edvel por dia.<\/p>\n<p>Ainda na manh\u00e3 desta ter\u00e7a, um inciso foi acrescentado pelo Prefeito Ant\u00f4nio Almas (PSDB) ao decreto de situa\u00e7\u00e3o de emerg\u00eancia do munic\u00edpio. Com ele o transporte de cargas e valores, incluindo os de pequeno porte (moto frete), foi inclu\u00eddo na categoria de servi\u00e7o essencial, garantindo assim, o atendimento priorit\u00e1rio a esses ve\u00edculos nos postos de combust\u00edvel.<\/p>\n<p>At\u00e9 o momento tr\u00eas postos da cidade est\u00e3o realizando o abastecimento. S\u00e3o eles, o posto TLP, na Rua Paracatu, 444, bairro Bandeirantes; o Posto Elefantinho, na Avenida Brasil, 3349, Centro e o Posto Centro Choferes, na Rua Benjamin Constant, 77, bairro Vitorino Braga.<\/p>\n<p>Al\u00e9m dos postos, as bombas dos operadores do transporte coletivo urbano (\u00f4nibus) do munic\u00edpio tamb\u00e9m foram reabastecidas a fim de normalizar a circula\u00e7\u00e3o dos ve\u00edculos na cidade.<\/p>\n<p>Na manh\u00e3 desta ter\u00e7a-feira uma enorme fila de taxistas, motoboys e demais motoristas se formou na Avenida Brasil a fim de abastecerem no Posto Centro Choferes. A fila tinha aproximadamente 3 km e seguia at\u00e9 a entrada do bairro Nossa Senhora de Lourdes. Apesar da necessidade de todos os motoristas pelo combust\u00edvel o clima na regi\u00e3o era de tranq\u00fcilidade e compreens\u00e3o com a situa\u00e7\u00e3o.<\/p>\n<p>O Subtenente Kennedy, da Pol\u00edcia Militar, refor\u00e7ou as orienta\u00e7\u00f5es da prefeitura em rela\u00e7\u00e3o a prioridade de atendimento para servi\u00e7os essenciais, al\u00e9m disso tamb\u00e9m relatou a situa\u00e7\u00e3o do abastecimento nesta manh\u00e3. \u201cEstamos fazendo monitoramento, tem bastante ve\u00edculo na fila, mas est\u00e1 acontecendo de maneira pac\u00edfica ordeira. Todos est\u00e3o entendendo e estamos conseguindo controlar de forma bastante pacifica.\u201d<\/p>\n<p>Kennedy tamb\u00e9m orientou a popula\u00e7\u00e3o em rela\u00e7\u00e3o \u00e0s pr\u00f3ximas etapas dos servi\u00e7os de abastecimento da cidade. \u201cPedimos para que as pessoas que n\u00e3o se enquadram nas categorias priorit\u00e1rias de abastecimento, para que aguardem um pouco, pois posteriormente a previs\u00e3o \u00e9 que o abastecimento se restabele\u00e7a nas pr\u00f3ximas horas\u201d finalizou.<\/p>\n\n\t\t<style type=\"text\/css\">\n\t\t\t#gallery-1 {\n\t\t\t\tmargin: auto;\n\t\t\t}\n\t\t\t#gallery-1 .gallery-item {\n\t\t\t\tfloat: left;\n\t\t\t\tmargin-top: 10px;\n\t\t\t\ttext-align: center;\n\t\t\t\twidth: 50%;\n\t\t\t}\n\t\t\t#gallery-1 img {\n\t\t\t\tborder: 2px solid #cfcfcf;\n\t\t\t}\n\t\t\t#gallery-1 .gallery-caption {\n\t\t\t\tmargin-left: 0;\n\t\t\t}\n\t\t\t\/* see gallery_shortcode() in wp-includes\/media.php *\/\n\t\t<\/style>\n\t\t<div id='gallery-1' class='gallery galleryid-106165 gallery-columns-2 gallery-size-large'><dl class='gallery-item'>\n\t\t\t<dt class='gallery-icon landscape'>\n\t\t\t\t<a href='https:\/\/diarioregionaldigital.com.br\/?attachment_id=106172'><img loading=\"lazy\" decoding=\"async\" width=\"1024\" height=\"576\" src=\"https:\/\/diarioregionaldigital.com.br\/wp-content\/uploads\/2018\/05\/filadeposto-1024x576.jpeg\" class=\"attachment-large size-large\" alt=\"\" srcset=\"https:\/\/diarioregionaldigital.com.br\/wp-content\/uploads\/2018\/05\/filadeposto-1024x576.jpeg 1024w, https:\/\/diarioregionaldigital.com.br\/wp-content\/uploads\/2018\/05\/filadeposto-300x169.jpeg 300w, https:\/\/diarioregionaldigital.com.br\/wp-content\/uploads\/2018\/05\/filadeposto-768x432.jpeg 768w, https:\/\/diarioregionaldigital.com.br\/wp-content\/uploads\/2018\/05\/filadeposto-360x203.jpeg 360w, https:\/\/diarioregionaldigital.com.br\/wp-content\/uploads\/2018\/05\/filadeposto.jpeg 1280w\" sizes=\"auto, (max-width: 1024px) 100vw, 1024px\" \/><\/a>\n\t\t\t<\/dt><\/dl><dl class='gallery-item'>\n\t\t\t<dt class='gallery-icon landscape'>\n\t\t\t\t<a href='https:\/\/diarioregionaldigital.com.br\/?attachment_id=106177'><img loading=\"lazy\" decoding=\"async\" width=\"1024\" height=\"576\" src=\"https:\/\/diarioregionaldigital.com.br\/wp-content\/uploads\/2018\/05\/posto-1-1024x576.jpeg\" class=\"attachment-large size-large\" alt=\"\" srcset=\"https:\/\/diarioregionaldigital.com.br\/wp-content\/uploads\/2018\/05\/posto-1-1024x576.jpeg 1024w, https:\/\/diarioregionaldigital.com.br\/wp-content\/uploads\/2018\/05\/posto-1-300x169.jpeg 300w, https:\/\/diarioregionaldigital.com.br\/wp-content\/uploads\/2018\/05\/posto-1-768x432.jpeg 768w, https:\/\/diarioregionaldigital.com.br\/wp-content\/uploads\/2018\/05\/posto-1-360x203.jpeg 360w, https:\/\/diarioregionaldigital.com.br\/wp-content\/uploads\/2018\/05\/posto-1.jpeg 1280w\" sizes=\"auto, (max-width: 1024px) 100vw, 1024px\" \/><\/a>\n\t\t\t<\/dt><\/dl><br style=\"clear: both\" \/><dl class='gallery-item'>\n\t\t\t<dt class='gallery-icon landscape'>\n\t\t\t\t<a href='https:\/\/diarioregionaldigital.com.br\/?attachment_id=106176'><img loading=\"lazy\" decoding=\"async\" width=\"1024\" height=\"576\" src=\"https:\/\/diarioregionaldigital.com.br\/wp-content\/uploads\/2018\/05\/motoboys-1-1024x576.jpeg\" class=\"attachment-large size-large\" alt=\"\" srcset=\"https:\/\/diarioregionaldigital.com.br\/wp-content\/uploads\/2018\/05\/motoboys-1-1024x576.jpeg 1024w, https:\/\/diarioregionaldigital.com.br\/wp-content\/uploads\/2018\/05\/motoboys-1-300x169.jpeg 300w, https:\/\/diarioregionaldigital.com.br\/wp-content\/uploads\/2018\/05\/motoboys-1-768x432.jpeg 768w, https:\/\/diarioregionaldigital.com.br\/wp-content\/uploads\/2018\/05\/motoboys-1-360x203.jpeg 360w, https:\/\/diarioregionaldigital.com.br\/wp-content\/uploads\/2018\/05\/motoboys-1.jpeg 1280w\" sizes=\"auto, (max-width: 1024px) 100vw, 1024px\" \/><\/a>\n\t\t\t<\/dt><\/dl><dl class='gallery-item'>\n\t\t\t<dt class='gallery-icon landscape'>\n\t\t\t\t<a href='https:\/\/diarioregionaldigital.com.br\/?attachment_id=106171'><img loading=\"lazy\" decoding=\"async\" width=\"1024\" height=\"576\" src=\"https:\/\/diarioregionaldigital.com.br\/wp-content\/uploads\/2018\/05\/fila-1024x576.jpeg\" class=\"attachment-large size-large\" alt=\"\" srcset=\"https:\/\/diarioregionaldigital.com.br\/wp-content\/uploads\/2018\/05\/fila-1024x576.jpeg 1024w, https:\/\/diarioregionaldigital.com.br\/wp-content\/uploads\/2018\/05\/fila-300x169.jpeg 300w, https:\/\/diarioregionaldigital.com.br\/wp-content\/uploads\/2018\/05\/fila-768x432.jpeg 768w, https:\/\/diarioregionaldigital.com.br\/wp-content\/uploads\/2018\/05\/fila-360x203.jpeg 360w, https:\/\/diarioregionaldigital.com.br\/wp-content\/uploads\/2018\/05\/fila.jpeg 1280w\" sizes=\"auto, (max-width: 1024px) 100vw, 1024px\" \/><\/a>\n\t\t\t<\/dt><\/dl><br style=\"clear: both\" \/><dl class='gallery-item'>\n\t\t\t<dt class='gallery-icon landscape'>\n\t\t\t\t<a href='https:\/\/diarioregionaldigital.com.br\/?attachment_id=106173'><img loading=\"lazy\" decoding=\"async\" width=\"1024\" height=\"576\" src=\"https:\/\/diarioregionaldigital.com.br\/wp-content\/uploads\/2018\/05\/gasolina-1024x576.jpeg\" class=\"attachment-large size-large\" alt=\"\" srcset=\"https:\/\/diarioregionaldigital.com.br\/wp-content\/uploads\/2018\/05\/gasolina-1024x576.jpeg 1024w, https:\/\/diarioregionaldigital.com.br\/wp-content\/uploads\/2018\/05\/gasolina-300x169.jpeg 300w, https:\/\/diarioregionaldigital.com.br\/wp-content\/uploads\/2018\/05\/gasolina-768x432.jpeg 768w, https:\/\/diarioregionaldigital.com.br\/wp-content\/uploads\/2018\/05\/gasolina-360x203.jpeg 360w, https:\/\/diarioregionaldigital.com.br\/wp-content\/uploads\/2018\/05\/gasolina.jpeg 1280w\" sizes=\"auto, (max-width: 1024px) 100vw, 1024px\" \/><\/a>\n\t\t\t<\/dt><\/dl><dl class='gallery-item'>\n\t\t\t<dt class='gallery-icon landscape'>\n\t\t\t\t<a href='https:\/\/diarioregionaldigital.com.br\/?attachment_id=106170'><img loading=\"lazy\" decoding=\"async\" width=\"1024\" height=\"576\" src=\"https:\/\/diarioregionaldigital.com.br\/wp-content\/uploads\/2018\/05\/abastecimento-1024x576.jpeg\" class=\"attachment-large size-large\" alt=\"\" aria-describedby=\"gallery-1-106170\" srcset=\"https:\/\/diarioregionaldigital.com.br\/wp-content\/uploads\/2018\/05\/abastecimento-1024x576.jpeg 1024w, https:\/\/diarioregionaldigital.com.br\/wp-content\/uploads\/2018\/05\/abastecimento-300x169.jpeg 300w, https:\/\/diarioregionaldigital.com.br\/wp-content\/uploads\/2018\/05\/abastecimento-768x432.jpeg 768w, https:\/\/diarioregionaldigital.com.br\/wp-content\/uploads\/2018\/05\/abastecimento-360x203.jpeg 360w, https:\/\/diarioregionaldigital.com.br\/wp-content\/uploads\/2018\/05\/abastecimento.jpeg 1280w\" sizes=\"auto, (max-width: 1024px) 100vw, 1024px\" \/><\/a>\n\t\t\t<\/dt>\n\t\t\t\t<dd class='wp-caption-text gallery-caption' id='gallery-1-106170'>\n\t\t\t\tUm novo comboio de combust\u00edveis chegou a Juiz de Fora na madrugada desta quarta-feira. Foto: Felipe Carvalho\n\t\t\t\t<\/dd><\/dl><br style=\"clear: both\" \/>\n\t\t<\/div>\n\n<p>O taxista Jos\u00e9 Humberto ficou sabendo do reabastecimento dos postos da cidade por volta das 3h da madrugada. Por volta das 5h chegou at\u00e9 o posto Choferes e s\u00f3 conseguiu abastecer por volta das 10h, ou seja, ficou na fila em torno de cinco horas. Apesar da demora o motorista afirmou compreender a situa\u00e7\u00e3o. \u201cAcho que a Prefeitura tomou a melhor medida. Eu tenho o meu carro particular e n\u00e3o vou abastecer no momento, pois sei que n\u00e3o vai dar. Ent\u00e3o, eu uso \u00f4nibus ou ando a p\u00e9. Agora o t\u00e1xi eu precisava abastecer por que \u00e9 meu trabalho.\u201d<\/p>\n<p>J\u00fanior Pedro, enfermeiro, chegou \u00e0 fila por volta das 9h da manh\u00e3 e apesar de n\u00e3o ter seu ve\u00edculo enquadrado como priorit\u00e1rio, aguardava ansioso pela libera\u00e7\u00e3o de combust\u00edvel para sua moto. \u201cDisseram que v\u00e3o abastecer moto e carros de passeio assim que os ve\u00edculos de servi\u00e7os essenciais forem abastecidos. A nossa expectativa \u00e9 que a gente consiga daqui a pouco. Mas as pessoas est\u00e3o compreensivas, ningu\u00e9m tumultuando e aguardando o momento de abastecer.\u201d<\/p>\n<p>O motoboy Rafael da Silva chegou \u00e0 fila \u00e0s 6h da manh\u00e3 e por volta de 10h30 ainda n\u00e3o havia conseguido abastecer sua moto. Ele lamentou a demora e revelou preocupa\u00e7\u00e3o de sua categoria. \u201cEstamos perdendo muito dinheiro dos servi\u00e7os e n\u00e3o conseguimos atender \u00e0s pessoas. Estamos aqui na fila, muitos desde 2h da madrugada, mas todo mundo est\u00e1 achando que n\u00e3o vai ter gasolina suficiente.\u201d<\/p>\n<p>Amarino, propriet\u00e1rio do posto Centro Choferes, chegou ao estabelecimento por volta das 2h da manh\u00e3 e segue no local atendendo e controlando a busca por combust\u00edvel. \u201cN\u00f3s estamos atendendo os servi\u00e7os essenciais. Ap\u00f3s esses ve\u00edculos vamos partir para atender \u00e0 popula\u00e7\u00e3o no geral.\u201d explicou ele.\u00a0 A gasolina e o etanol no posto seguem com pre\u00e7os de R$4,99 e R$3,99, respectivamente. Ainda de acordo com o propriet\u00e1rio, \u201cn\u00e3o faltar\u00e1 mais produto no posto\u201d.<\/p>\n<p>Por meio de nota a Prefeitura de Juiz de Fora reafirmou e orientou a popula\u00e7\u00e3o em rela\u00e7\u00e3o \u00e0s pr\u00f3ximas a\u00e7\u00f5es a fim de restabelecer a normalidade no abastecimento da cidade. Confira a nota:<\/p>\n<p>\u201cAo final desta ter\u00e7a-feira, 29, o comit\u00ea de contingenciamento far\u00e1 um controle de estoque junto a esses postos para garantir o abastecimento nos demais dias da semana. A seguran\u00e7a da distribui\u00e7\u00e3o nestes locais segue sendo realizada pela Pol\u00edcia Militar e pela Guarda Municipal.<\/p>\n<p>A libera\u00e7\u00e3o do abastecimento para ve\u00edculos particulares, dentro da cota di\u00e1ria indicada no decreto, ser\u00e1 realizada a partir do pr\u00f3ximo carregamento que for viabilizado pelo Munic\u00edpio, o que j\u00e1 est\u00e1 sendo organizado para os pr\u00f3ximos dias, atrav\u00e9s da mesma estrutura de comboio escoltado e mantendo a prioridade para os ve\u00edculos de servi\u00e7os essenciais.<\/p>\n<p>Qualquer outra comercializa\u00e7\u00e3o de combust\u00edvel na cidade deve obedecer o limite di\u00e1rio determinado pelo decreto de situa\u00e7\u00e3o de emerg\u00eancia, ficando sujeita \u00e0 fiscaliza\u00e7\u00e3o dos \u00f3rg\u00e3os competentes. Est\u00e1 proibido o uso de gal\u00f5es em qualquer abastecimento.\u201d<\/p>\n<p>&nbsp;<\/p>\n","protected":false},"excerpt":{"rendered":"<p>Chegando ao 9\u00ba dia de greve dos caminhoneiros e paralisa\u00e7\u00e3o de diversos setores da sociedade devido \u00e0 falta de combust\u00edvel, os primeiros sinais de resolu\u00e7\u00e3o da situa\u00e7\u00e3o come\u00e7am a surgir em Juiz de Fora. Na madrugada desta ter\u00e7a-feira, 29, atrav\u00e9s de escolta da Pol\u00edcia Militar (PM), os primeiros caminh\u00f5es com combust\u00edvel chegaram \u00e0 cidade a [&hellip;]<\/p>\n","protected":false},"author":96,"featured_media":106166,"comment_status":"closed","ping_status":"closed","sticky":false,"template":"","format":"standard","meta":{"footnotes":""},"categories":[253,436,440,439],"tags":[],"class_list":["post-106165","post","type-post","status-publish","format-standard","has-post-thumbnail","hentry","category-cidade","category-destaque-da-semana","category-destaques-do-dia","category-ultima-hora"],"_links":{"self":[{"href":"https:\/\/diarioregionaldigital.com.br\/index.php?rest_route=\/wp\/v2\/posts\/106165","targetHints":{"allow":["GET"]}}],"collection":[{"href":"https:\/\/diarioregionaldigital.com.br\/index.php?rest_route=\/wp\/v2\/posts"}],"about":[{"href":"https:\/\/diarioregionaldigital.com.br\/index.php?rest_route=\/wp\/v2\/types\/post"}],"author":[{"embeddable":true,"href":"https:\/\/diarioregionaldigital.com.br\/index.php?rest_route=\/wp\/v2\/users\/96"}],"replies":[{"embeddable":true,"href":"https:\/\/diarioregionaldigital.com.br\/index.php?rest_route=%2Fwp%2Fv2%2Fcomments&post=106165"}],"version-history":[{"count":0,"href":"https:\/\/diarioregionaldigital.com.br\/index.php?rest_route=\/wp\/v2\/posts\/106165\/revisions"}],"wp:featuredmedia":[{"embeddable":true,"href":"https:\/\/diarioregionaldigital.com.br\/index.php?rest_route=\/wp\/v2\/media\/106166"}],"wp:attachment":[{"href":"https:\/\/diarioregionaldigital.com.br\/index.php?rest_route=%2Fwp%2Fv2%2Fmedia&parent=106165"}],"wp:term":[{"taxonomy":"category","embeddable":true,"href":"https:\/\/diarioregionaldigital.com.br\/index.php?rest_route=%2Fwp%2Fv2%2Fcategories&post=106165"},{"taxonomy":"post_tag","embeddable":true,"href":"https:\/\/diarioregionaldigital.com.br\/index.php?rest_route=%2Fwp%2Fv2%2Ftags&post=106165"}],"curies":[{"name":"wp","href":"https:\/\/api.w.org\/{rel}","templated":true}]}}