{"id":106162,"date":"2018-05-29T12:21:19","date_gmt":"2018-05-29T15:21:19","guid":{"rendered":"http:\/\/diarioregionaljf.com.br\/?p=106162"},"modified":"2018-05-29T12:23:27","modified_gmt":"2018-05-29T15:23:27","slug":"enem-2018-tem-55-milhoes-de-inscritos-confirmados","status":"publish","type":"post","link":"https:\/\/diarioregionaldigital.com.br\/?p=106162","title":{"rendered":"Enem 2018 tem 5,5 milh\u00f5es de inscritos confirmados"},"content":{"rendered":"<p>O Exame Nacional do Ensino M\u00e9dio (Enem) teve 5.513.662 inscritos confirmados, de acordo com balan\u00e7o divulgado hoje, 29, pelo Minist\u00e9rio da Educa\u00e7\u00e3o (MEC). No ano passado, foram 6.731.203 inscritos confirmados.<\/p>\n<p>Neste ano, 6.774.891 fizeram a inscri\u00e7\u00e3o, mas 18,7% n\u00e3o pagaram a taxa de inscri\u00e7\u00e3o e n\u00e3o foram confirmados no exame.<\/p>\n<p>Para a edi\u00e7\u00e3o de 2018, 3.521.181 pessoas foram beneficiadas com a gratuidade por se enquadrarem em um dos quatro perfis que davam direito \u00e0 isen\u00e7\u00e3o.<\/p>\n<p>No ano passado, apesar de 6,7 milh\u00f5es terem tido a inscri\u00e7\u00e3o confirmada, 4,7 milh\u00f5es de candidatos compareceram ao exame.<\/p>\n<p>As provas do Enem ser\u00e3o aplicadas em dois domingos, nos dias 4 e 11 de novembro. Os resultados ser\u00e3o divulgados em janeiro.<\/p>\n<p>As notas do Enem podem ser usadas para concorrer a vagas no ensino superior p\u00fablico pelo Sistema de Sele\u00e7\u00e3o Unificada (Sisu), a bolsas em institui\u00e7\u00f5es particulares de ensino superior pelo Programa Universidade para Todos (ProUni) e a financiamento pelo Fundo de Financiamento Estudantil (Fies).<\/p>\n<p>&nbsp;<\/p>\n<p>Fonte: Ag\u00eancia Brasil<\/p>\n","protected":false},"excerpt":{"rendered":"<p>O Exame Nacional do Ensino M\u00e9dio (Enem) teve 5.513.662 inscritos confirmados, de acordo com balan\u00e7o divulgado hoje, 29, pelo Minist\u00e9rio da Educa\u00e7\u00e3o (MEC). No ano passado, foram 6.731.203 inscritos confirmados. Neste ano, 6.774.891 fizeram a inscri\u00e7\u00e3o, mas 18,7% n\u00e3o pagaram a taxa de inscri\u00e7\u00e3o e n\u00e3o foram confirmados no exame. Para a edi\u00e7\u00e3o de 2018, [&hellip;]<\/p>\n","protected":false},"author":96,"featured_media":106163,"comment_status":"closed","ping_status":"closed","sticky":false,"template":"","format":"standard","meta":{"footnotes":""},"categories":[302,436],"tags":[],"class_list":["post-106162","post","type-post","status-publish","format-standard","has-post-thumbnail","hentry","category-brasil-mundo","category-destaque-da-semana"],"_links":{"self":[{"href":"https:\/\/diarioregionaldigital.com.br\/index.php?rest_route=\/wp\/v2\/posts\/106162","targetHints":{"allow":["GET"]}}],"collection":[{"href":"https:\/\/diarioregionaldigital.com.br\/index.php?rest_route=\/wp\/v2\/posts"}],"about":[{"href":"https:\/\/diarioregionaldigital.com.br\/index.php?rest_route=\/wp\/v2\/types\/post"}],"author":[{"embeddable":true,"href":"https:\/\/diarioregionaldigital.com.br\/index.php?rest_route=\/wp\/v2\/users\/96"}],"replies":[{"embeddable":true,"href":"https:\/\/diarioregionaldigital.com.br\/index.php?rest_route=%2Fwp%2Fv2%2Fcomments&post=106162"}],"version-history":[{"count":0,"href":"https:\/\/diarioregionaldigital.com.br\/index.php?rest_route=\/wp\/v2\/posts\/106162\/revisions"}],"wp:featuredmedia":[{"embeddable":true,"href":"https:\/\/diarioregionaldigital.com.br\/index.php?rest_route=\/wp\/v2\/media\/106163"}],"wp:attachment":[{"href":"https:\/\/diarioregionaldigital.com.br\/index.php?rest_route=%2Fwp%2Fv2%2Fmedia&parent=106162"}],"wp:term":[{"taxonomy":"category","embeddable":true,"href":"https:\/\/diarioregionaldigital.com.br\/index.php?rest_route=%2Fwp%2Fv2%2Fcategories&post=106162"},{"taxonomy":"post_tag","embeddable":true,"href":"https:\/\/diarioregionaldigital.com.br\/index.php?rest_route=%2Fwp%2Fv2%2Ftags&post=106162"}],"curies":[{"name":"wp","href":"https:\/\/api.w.org\/{rel}","templated":true}]}}