{"id":106159,"date":"2018-05-29T09:53:02","date_gmt":"2018-05-29T12:53:02","guid":{"rendered":"http:\/\/diarioregionaljf.com.br\/?p=106159"},"modified":"2018-05-29T09:53:33","modified_gmt":"2018-05-29T12:53:33","slug":"duas-sao-vitimas-de-assalto-no-campus-da-ufjf","status":"publish","type":"post","link":"https:\/\/diarioregionaldigital.com.br\/?p=106159","title":{"rendered":"Duas s\u00e3o v\u00edtimas de assalto no campus da UFJF"},"content":{"rendered":"<p>Uma jovem de 18 anos e uma mulher de 33 foram assaltadas no campus da Universidade Federal de Juiz de Fora UFJF), no bairro S\u00e3o Pedro, zona Oeste da cidade, nessa segunda-feira, 28.<\/p>\n<p>De acordo com o registro de ocorr\u00eancia da Pol\u00edcia Militar (PM), a mulher relatou que transitava pr\u00f3ximo ao pr\u00e9dio da Faculdade de Comunica\u00e7\u00e3o, no final da tarde, quando foi abordada por um indiv\u00edduo em um bicicleta. O autor empurrou-a e subtraiu seu celular.<\/p>\n<p>Ap\u00f3s o crime, o assaltante fugiu sentido ao p\u00f3rtico S\u00e3o Pedro. A mulher foi auxiliada por vigilantes da institui\u00e7\u00e3o, que conseguiram localizar a bicicleta e o telefone roubado. O autor, no entanto, n\u00e3o foi encontrado.<\/p>\n<p>J\u00e1 a jovem de 18 anos teve seu celular roubado por um indiv\u00edduo armado com rev\u00f3lver, \u00e0 noite. Depois do assalto, o autor fugiu em sentido ao posto avan\u00e7ado do Corpo de Bombeiros.<\/p>\n","protected":false},"excerpt":{"rendered":"<p>Uma jovem de 18 anos e uma mulher de 33 foram assaltadas no campus da Universidade Federal de Juiz de Fora UFJF), no bairro S\u00e3o Pedro, zona Oeste da cidade, nessa segunda-feira, 28. De acordo com o registro de ocorr\u00eancia da Pol\u00edcia Militar (PM), a mulher relatou que transitava pr\u00f3ximo ao pr\u00e9dio da Faculdade de [&hellip;]<\/p>\n","protected":false},"author":96,"featured_media":97342,"comment_status":"closed","ping_status":"closed","sticky":false,"template":"","format":"standard","meta":{"footnotes":""},"categories":[301,439],"tags":[],"class_list":["post-106159","post","type-post","status-publish","format-standard","has-post-thumbnail","hentry","category-artigos-policiais","category-ultima-hora"],"_links":{"self":[{"href":"https:\/\/diarioregionaldigital.com.br\/index.php?rest_route=\/wp\/v2\/posts\/106159","targetHints":{"allow":["GET"]}}],"collection":[{"href":"https:\/\/diarioregionaldigital.com.br\/index.php?rest_route=\/wp\/v2\/posts"}],"about":[{"href":"https:\/\/diarioregionaldigital.com.br\/index.php?rest_route=\/wp\/v2\/types\/post"}],"author":[{"embeddable":true,"href":"https:\/\/diarioregionaldigital.com.br\/index.php?rest_route=\/wp\/v2\/users\/96"}],"replies":[{"embeddable":true,"href":"https:\/\/diarioregionaldigital.com.br\/index.php?rest_route=%2Fwp%2Fv2%2Fcomments&post=106159"}],"version-history":[{"count":0,"href":"https:\/\/diarioregionaldigital.com.br\/index.php?rest_route=\/wp\/v2\/posts\/106159\/revisions"}],"wp:featuredmedia":[{"embeddable":true,"href":"https:\/\/diarioregionaldigital.com.br\/index.php?rest_route=\/wp\/v2\/media\/97342"}],"wp:attachment":[{"href":"https:\/\/diarioregionaldigital.com.br\/index.php?rest_route=%2Fwp%2Fv2%2Fmedia&parent=106159"}],"wp:term":[{"taxonomy":"category","embeddable":true,"href":"https:\/\/diarioregionaldigital.com.br\/index.php?rest_route=%2Fwp%2Fv2%2Fcategories&post=106159"},{"taxonomy":"post_tag","embeddable":true,"href":"https:\/\/diarioregionaldigital.com.br\/index.php?rest_route=%2Fwp%2Fv2%2Ftags&post=106159"}],"curies":[{"name":"wp","href":"https:\/\/api.w.org\/{rel}","templated":true}]}}