{"id":106148,"date":"2018-05-29T09:16:22","date_gmt":"2018-05-29T12:16:22","guid":{"rendered":"http:\/\/diarioregionaljf.com.br\/?p=106148"},"modified":"2018-05-29T09:16:22","modified_gmt":"2018-05-29T12:16:22","slug":"homem-armado-assalta-coletivo-no-santa-cruz","status":"publish","type":"post","link":"https:\/\/diarioregionaldigital.com.br\/?p=106148","title":{"rendered":"Homem armado assalta coletivo no Santa Cruz"},"content":{"rendered":"<p>Motorista e cobrador de um \u00f4nibus do transporte coletivo foram assaltados por um homem armado com rev\u00f3lver no bairro Santa Cruz, zona Norte, na noite dessa segunda-feira, 28. O assaltante tamb\u00e9m fugiu levando dinheiro do caixa.<\/p>\n<p>As v\u00edtimas, de 20 e 32 anos, relataram \u00e0 Pol\u00edcia Militar (PM) que haviam parado no ponto final da linha, na Rua Justino Gomes Monteiro, quando o indiv\u00edduo entrou no \u00f4nibus. Ap\u00f3s anunciar o assalto, o autor roubou os celulares do cobrador e do motorista, al\u00e9m de R$45 do caixa do coletivo.<\/p>\n","protected":false},"excerpt":{"rendered":"<p>Motorista e cobrador de um \u00f4nibus do transporte coletivo foram assaltados por um homem armado com rev\u00f3lver no bairro Santa Cruz, zona Norte, na noite dessa segunda-feira, 28. O assaltante tamb\u00e9m fugiu levando dinheiro do caixa. As v\u00edtimas, de 20 e 32 anos, relataram \u00e0 Pol\u00edcia Militar (PM) que haviam parado no ponto final da [&hellip;]<\/p>\n","protected":false},"author":96,"featured_media":97342,"comment_status":"closed","ping_status":"closed","sticky":false,"template":"","format":"standard","meta":{"footnotes":""},"categories":[301,439],"tags":[],"class_list":["post-106148","post","type-post","status-publish","format-standard","has-post-thumbnail","hentry","category-artigos-policiais","category-ultima-hora"],"_links":{"self":[{"href":"https:\/\/diarioregionaldigital.com.br\/index.php?rest_route=\/wp\/v2\/posts\/106148","targetHints":{"allow":["GET"]}}],"collection":[{"href":"https:\/\/diarioregionaldigital.com.br\/index.php?rest_route=\/wp\/v2\/posts"}],"about":[{"href":"https:\/\/diarioregionaldigital.com.br\/index.php?rest_route=\/wp\/v2\/types\/post"}],"author":[{"embeddable":true,"href":"https:\/\/diarioregionaldigital.com.br\/index.php?rest_route=\/wp\/v2\/users\/96"}],"replies":[{"embeddable":true,"href":"https:\/\/diarioregionaldigital.com.br\/index.php?rest_route=%2Fwp%2Fv2%2Fcomments&post=106148"}],"version-history":[{"count":0,"href":"https:\/\/diarioregionaldigital.com.br\/index.php?rest_route=\/wp\/v2\/posts\/106148\/revisions"}],"wp:featuredmedia":[{"embeddable":true,"href":"https:\/\/diarioregionaldigital.com.br\/index.php?rest_route=\/wp\/v2\/media\/97342"}],"wp:attachment":[{"href":"https:\/\/diarioregionaldigital.com.br\/index.php?rest_route=%2Fwp%2Fv2%2Fmedia&parent=106148"}],"wp:term":[{"taxonomy":"category","embeddable":true,"href":"https:\/\/diarioregionaldigital.com.br\/index.php?rest_route=%2Fwp%2Fv2%2Fcategories&post=106148"},{"taxonomy":"post_tag","embeddable":true,"href":"https:\/\/diarioregionaldigital.com.br\/index.php?rest_route=%2Fwp%2Fv2%2Ftags&post=106148"}],"curies":[{"name":"wp","href":"https:\/\/api.w.org\/{rel}","templated":true}]}}