{"id":106136,"date":"2018-05-29T08:55:20","date_gmt":"2018-05-29T11:55:20","guid":{"rendered":"http:\/\/diarioregionaljf.com.br\/?p=106136"},"modified":"2018-05-29T09:00:58","modified_gmt":"2018-05-29T12:00:58","slug":"ufjf-lanca-edital-com-29-vagas-para-professores-substitutos","status":"publish","type":"post","link":"https:\/\/diarioregionaldigital.com.br\/?p=106136","title":{"rendered":"UFJF lan\u00e7a edital com 29 vagas para professores substitutos"},"content":{"rendered":"<p>Mais dois editais para contrata\u00e7\u00e3o de professores substitutos foram lan\u00e7ados pela Universidade Federal de Juiz de Fora (UFJF). S\u00e3o 28 vagas para os campi de <a href=\"http:\/\/www.ufjf.br\/concurso\/files\/2018\/05\/Edital-24.2018-sele%C3%A7%C3%A3o-substituto.pdf\" target=\"_blank\" rel=\"noopener\">Juiz de Fora e Governador Valadares<\/a> e uma para o <a href=\"http:\/\/www.ufjf.br\/concurso\/files\/2018\/05\/Edital-25.2018-sele%C3%A7%C3%A3o-substituto-JO%C3%83O-XXIII.pdf\" target=\"_blank\" rel=\"noopener\">Col\u00e9gio de Aplica\u00e7\u00e3o Jo\u00e3o XXIII<\/a>. As ofertas para os dois campi s\u00e3o para diversos institutos, j\u00e1 a do Jo\u00e3o XXIII \u00e9 para o Departamento de Letras e Artes.<\/p>\n<p>Segundo informa\u00e7\u00f5es da Pr\u00f3-reitoria de Gest\u00e3o de Pessoas (Progepe), as inscri\u00e7\u00f5es para a sele\u00e7\u00e3o do Jo\u00e3o XXIII devem ser feitas na secretaria do col\u00e9gio, at\u00e9 o dia 8 de junho, das 9h \u00e0s 12h e das 13h \u00e0s 16h (exceto s\u00e1bado, domingo, feriados e recessos). O\u00a0 col\u00e9gio fica localizado na Rua Visconde de Mau\u00e1, n\u00ba 300, no Bairro Santa Helena.<\/p>\n<p>J\u00e1 para os campi de Juiz de Fora e Governador Valadares, o local de inscri\u00e7\u00e3o varia de acordo com o departamento em que a vaga est\u00e1 vinculada. O per\u00edodo de inscri\u00e7\u00e3o tamb\u00e9m ocorrer\u00e1 at\u00e9 8 de junho.<\/p>\n<p>&nbsp;<\/p>\n<p>Fonte: Assessoria<\/p>\n","protected":false},"excerpt":{"rendered":"<p>Mais dois editais para contrata\u00e7\u00e3o de professores substitutos foram lan\u00e7ados pela Universidade Federal de Juiz de Fora (UFJF). S\u00e3o 28 vagas para os campi de Juiz de Fora e Governador Valadares e uma para o Col\u00e9gio de Aplica\u00e7\u00e3o Jo\u00e3o XXIII. As ofertas para os dois campi s\u00e3o para diversos institutos, j\u00e1 a do Jo\u00e3o XXIII [&hellip;]<\/p>\n","protected":false},"author":96,"featured_media":106146,"comment_status":"closed","ping_status":"closed","sticky":false,"template":"","format":"standard","meta":{"footnotes":""},"categories":[280,436],"tags":[],"class_list":["post-106136","post","type-post","status-publish","format-standard","has-post-thumbnail","hentry","category-concurso","category-destaque-da-semana"],"_links":{"self":[{"href":"https:\/\/diarioregionaldigital.com.br\/index.php?rest_route=\/wp\/v2\/posts\/106136","targetHints":{"allow":["GET"]}}],"collection":[{"href":"https:\/\/diarioregionaldigital.com.br\/index.php?rest_route=\/wp\/v2\/posts"}],"about":[{"href":"https:\/\/diarioregionaldigital.com.br\/index.php?rest_route=\/wp\/v2\/types\/post"}],"author":[{"embeddable":true,"href":"https:\/\/diarioregionaldigital.com.br\/index.php?rest_route=\/wp\/v2\/users\/96"}],"replies":[{"embeddable":true,"href":"https:\/\/diarioregionaldigital.com.br\/index.php?rest_route=%2Fwp%2Fv2%2Fcomments&post=106136"}],"version-history":[{"count":0,"href":"https:\/\/diarioregionaldigital.com.br\/index.php?rest_route=\/wp\/v2\/posts\/106136\/revisions"}],"wp:featuredmedia":[{"embeddable":true,"href":"https:\/\/diarioregionaldigital.com.br\/index.php?rest_route=\/wp\/v2\/media\/106146"}],"wp:attachment":[{"href":"https:\/\/diarioregionaldigital.com.br\/index.php?rest_route=%2Fwp%2Fv2%2Fmedia&parent=106136"}],"wp:term":[{"taxonomy":"category","embeddable":true,"href":"https:\/\/diarioregionaldigital.com.br\/index.php?rest_route=%2Fwp%2Fv2%2Fcategories&post=106136"},{"taxonomy":"post_tag","embeddable":true,"href":"https:\/\/diarioregionaldigital.com.br\/index.php?rest_route=%2Fwp%2Fv2%2Ftags&post=106136"}],"curies":[{"name":"wp","href":"https:\/\/api.w.org\/{rel}","templated":true}]}}