{"id":106130,"date":"2018-05-29T08:14:55","date_gmt":"2018-05-29T11:14:55","guid":{"rendered":"http:\/\/diarioregionaljf.com.br\/?p=106130"},"modified":"2018-05-29T08:16:10","modified_gmt":"2018-05-29T11:16:10","slug":"pm-apreende-drogas-e-detem-um-por-trafico-no-furtado-de-menezes","status":"publish","type":"post","link":"https:\/\/diarioregionaldigital.com.br\/?p=106130","title":{"rendered":"PM apreende drogas e det\u00e9m um por tr\u00e1fico no Furtado de Menezes"},"content":{"rendered":"<p>A Pol\u00edcia Militar (PM) apreendeu drogas e deteve um homem por tr\u00e1fico na Rua Ana Reis, bairro Furtado de Menezes, regi\u00e3o Sudeste da cidade, nessa segunda-feira, 28.<\/p>\n<p>De acordo com informa\u00e7\u00f5es da corpora\u00e7\u00e3o, uma equipe chegou at\u00e9 o suspeito, cuja idade n\u00e3o foi divulgada, ap\u00f3s recebimento de den\u00fancia sobre o com\u00e9rcio de entorpecentes no local. Durante buscas, foram localizadas 34 buchas de maconha, nove pedras de crack e R$5 em dinheiro.<\/p>\n<p>O homem foi preso e encaminhado a delegacia juntamente com o material apreendido.<\/p>\n","protected":false},"excerpt":{"rendered":"<p>A Pol\u00edcia Militar (PM) apreendeu drogas e deteve um homem por tr\u00e1fico na Rua Ana Reis, bairro Furtado de Menezes, regi\u00e3o Sudeste da cidade, nessa segunda-feira, 28. De acordo com informa\u00e7\u00f5es da corpora\u00e7\u00e3o, uma equipe chegou at\u00e9 o suspeito, cuja idade n\u00e3o foi divulgada, ap\u00f3s recebimento de den\u00fancia sobre o com\u00e9rcio de entorpecentes no local. [&hellip;]<\/p>\n","protected":false},"author":96,"featured_media":106131,"comment_status":"closed","ping_status":"closed","sticky":false,"template":"","format":"standard","meta":{"footnotes":""},"categories":[301,439],"tags":[],"class_list":["post-106130","post","type-post","status-publish","format-standard","has-post-thumbnail","hentry","category-artigos-policiais","category-ultima-hora"],"_links":{"self":[{"href":"https:\/\/diarioregionaldigital.com.br\/index.php?rest_route=\/wp\/v2\/posts\/106130","targetHints":{"allow":["GET"]}}],"collection":[{"href":"https:\/\/diarioregionaldigital.com.br\/index.php?rest_route=\/wp\/v2\/posts"}],"about":[{"href":"https:\/\/diarioregionaldigital.com.br\/index.php?rest_route=\/wp\/v2\/types\/post"}],"author":[{"embeddable":true,"href":"https:\/\/diarioregionaldigital.com.br\/index.php?rest_route=\/wp\/v2\/users\/96"}],"replies":[{"embeddable":true,"href":"https:\/\/diarioregionaldigital.com.br\/index.php?rest_route=%2Fwp%2Fv2%2Fcomments&post=106130"}],"version-history":[{"count":0,"href":"https:\/\/diarioregionaldigital.com.br\/index.php?rest_route=\/wp\/v2\/posts\/106130\/revisions"}],"wp:featuredmedia":[{"embeddable":true,"href":"https:\/\/diarioregionaldigital.com.br\/index.php?rest_route=\/wp\/v2\/media\/106131"}],"wp:attachment":[{"href":"https:\/\/diarioregionaldigital.com.br\/index.php?rest_route=%2Fwp%2Fv2%2Fmedia&parent=106130"}],"wp:term":[{"taxonomy":"category","embeddable":true,"href":"https:\/\/diarioregionaldigital.com.br\/index.php?rest_route=%2Fwp%2Fv2%2Fcategories&post=106130"},{"taxonomy":"post_tag","embeddable":true,"href":"https:\/\/diarioregionaldigital.com.br\/index.php?rest_route=%2Fwp%2Fv2%2Ftags&post=106130"}],"curies":[{"name":"wp","href":"https:\/\/api.w.org\/{rel}","templated":true}]}}