{"id":106126,"date":"2018-05-29T07:54:42","date_gmt":"2018-05-29T10:54:42","guid":{"rendered":"http:\/\/diarioregionaljf.com.br\/?p=106126"},"modified":"2018-05-29T07:58:11","modified_gmt":"2018-05-29T10:58:11","slug":"prefeitura-viabiliza-fornecimento-de-combustivel-para-servicos-essenciais","status":"publish","type":"post","link":"https:\/\/diarioregionaldigital.com.br\/?p=106126","title":{"rendered":"Prefeitura viabiliza fornecimento de combust\u00edvel para servi\u00e7os essenciais"},"content":{"rendered":"<p>Em nota enviada \u00e0 imprensa na manh\u00e3 desta ter\u00e7a-feira, 29, a assessoria de comunica\u00e7\u00e3o da Prefeitura de Juiz de Fora (PJF) informa que foi viabilizado o primeiro fornecimento de combust\u00edveis estritamente para o abastecimento dos servi\u00e7os essenciais, conforme prev\u00ea o <a href=\"https:\/\/www.pjf.mg.gov.br\/e_atos\/e_atos_vis.php?id=61611\" target=\"_blank\" rel=\"noopener\">Decreto de Situa\u00e7\u00e3o de Emerg\u00eancia<\/a> publicado nessa segunda-feira, 28. A medida foi tomada em raz\u00e3o das dificuldades decorrentes da paralisa\u00e7\u00e3o nacional dos caminhoneiros, que entra em seu nono dia. &#8220;Atrav\u00e9s de escolta da Pol\u00edcia Militar, o comboio de 10 caminh\u00f5es chegou \u00e0 cidade na madrugada desta ter\u00e7a-feira, 29, e pretende assegurar os servi\u00e7os b\u00e1sicos e o transporte coletivo urbano pelos pr\u00f3ximos dias&#8221;, esclarece o comunicado.<\/p>\n<p>Parte do combust\u00edvel ser\u00e1 entregue diretamente aos operadores do transporte coletivo urbano e o restante ser\u00e1 distribu\u00eddo em tr\u00eas postos de gasolina, que estar\u00e3o respons\u00e1veis pelo abastecimento dos demais servi\u00e7os p\u00fablicos essenciais, obedecendo a seguinte escala:<\/p>\n<p>&nbsp;<\/p>\n<p>&nbsp;<\/p>\n<ul>\n<li><strong>Posto TLP<\/strong> (Rua Paracatu, n\u00b0444, Bandeirantes)<\/li>\n<\/ul>\n<p>&nbsp;<\/p>\n<p>&#8211; A partir das 8h: ve\u00edculos do Servi\u00e7o de Atendimento M\u00f3vel de Urg\u00eancia (SAMU) e do Departamento Municipal de Limpeza Urbana (Demlurb).<\/p>\n<p>&#8211; A partir das 11h: demais ve\u00edculos de servi\u00e7os p\u00fablicos essenciais e t\u00e1xis.<\/p>\n<p>&nbsp;<\/p>\n<ul>\n<li><strong>Posto Elefantinho<\/strong> (Avenida Brasil, n\u00ba3349, Centro)<\/li>\n<\/ul>\n<p>&nbsp;<\/p>\n<p>&#8211; A partir das 8h: ve\u00edculos de servi\u00e7os p\u00fablicos essenciais.<\/p>\n<p>&#8211; A partir das 11h: t\u00e1xis.<\/p>\n<p>&nbsp;<\/p>\n<ul>\n<li><strong>Posto Centro Choferes<\/strong> (Rua Benjamin Constant, n\u00ba77, Vitorino Braga)<\/li>\n<\/ul>\n<p>&nbsp;<\/p>\n<p>&#8211; A partir das 8h: ve\u00edculos de servi\u00e7os p\u00fablicos essenciais.<\/p>\n<p>&#8211; A partir das 11h: t\u00e1xis.<\/p>\n<p>&nbsp;<\/p>\n<p>&nbsp;<\/p>\n<p>A PJF esclarece que, conforme o Decreto, s\u00e3o considerados servi\u00e7os p\u00fablicos essenciais os da \u00e1rea de sa\u00fade (transporte de pacientes e de material biol\u00f3gico, gases medicinais e diesel para geradores, distribui\u00e7\u00e3o de insumos, vacinas e medicamentos); educa\u00e7\u00e3o (transporte de alunos e distribui\u00e7\u00e3o de g\u00eaneros aliment\u00edcios para os estabelecimentos educacionais); transporte urbano de passageiros, coletivos e t\u00e1xis; coleta de lixo; abastecimento e tratamento de \u00e1gua; servi\u00e7o funer\u00e1rio e servi\u00e7o de seguran\u00e7a urbana e defesa civil. &#8220;Ve\u00edculos particulares vinculados ao atendimento \u00e0 sa\u00fade (ambul\u00e2ncias) e \u00e0 presta\u00e7\u00e3o de servi\u00e7os p\u00fablicos essenciais (empresas contratadas pelo munic\u00edpio para este fim) poder\u00e3o ser abastecidos, por\u00e9m dentro do limite estabelecido no decreto, de 20 litros de combust\u00edvel por dia&#8221;, complementa.<\/p>\n<p>&nbsp;<\/p>\n<p><span style=\"font-size: 12pt;\"><strong>COMIT\u00ca DE CONTINGENCIAMENTO<\/strong><\/span><\/p>\n<p><strong>\u00a0<\/strong><\/p>\n<p>Ainda conforme o comunicado, ao final desta ter\u00e7a-feira, 29, o Comit\u00ea de Contingenciamento far\u00e1 um controle de estoque junto aos referidos postos de combust\u00edveis, com fins de garantir o abastecimento no decorrer da semana. A distribui\u00e7\u00e3o nestes estabelecimentos ser\u00e1 acompanhada pela Pol\u00edcia Militar e pela Guarda Municipal, que v\u00e3o garantir a seguran\u00e7a nos locais.<\/p>\n<p>Com rela\u00e7\u00e3o ao abastecimento de ve\u00edculos particulares, a PJF informa que o mesmo ser\u00e1 realizado a partir do pr\u00f3ximo carregamento que for viabilizado pelo Munic\u00edpio e respeitando a cota di\u00e1ria indicada no Decreto. Segundo a nota, o abastecimento &#8220;est\u00e1 sendo organizado para os pr\u00f3ximos dias, atrav\u00e9s da mesma estrutura de comboio escoltado e mantendo a prioridade para os ve\u00edculos de servi\u00e7os essenciais&#8221;.<\/p>\n<p>&#8220;Qualquer outra comercializa\u00e7\u00e3o de combust\u00edvel na cidade deve obedecer o limite di\u00e1rio determinado pelo decreto de situa\u00e7\u00e3o de emerg\u00eancia, ficando sujeita \u00e0 fiscaliza\u00e7\u00e3o dos \u00f3rg\u00e3os competentes. Est\u00e1 proibido o uso de gal\u00f5es em qualquer abastecimento&#8221;, finaliza o comunicado.<\/p>\n<p>&nbsp;<\/p>\n<p>Da reda\u00e7\u00e3o\/Com informa\u00e7\u00f5es da assessoria<\/p>\n","protected":false},"excerpt":{"rendered":"<p>Em nota enviada \u00e0 imprensa na manh\u00e3 desta ter\u00e7a-feira, 29, a assessoria de comunica\u00e7\u00e3o da Prefeitura de Juiz de Fora (PJF) informa que foi viabilizado o primeiro fornecimento de combust\u00edveis estritamente para o abastecimento dos servi\u00e7os essenciais, conforme prev\u00ea o Decreto de Situa\u00e7\u00e3o de Emerg\u00eancia publicado nessa segunda-feira, 28. A medida foi tomada em raz\u00e3o [&hellip;]<\/p>\n","protected":false},"author":96,"featured_media":106127,"comment_status":"closed","ping_status":"closed","sticky":false,"template":"","format":"standard","meta":{"footnotes":""},"categories":[253,440],"tags":[],"class_list":["post-106126","post","type-post","status-publish","format-standard","has-post-thumbnail","hentry","category-cidade","category-destaques-do-dia"],"_links":{"self":[{"href":"https:\/\/diarioregionaldigital.com.br\/index.php?rest_route=\/wp\/v2\/posts\/106126","targetHints":{"allow":["GET"]}}],"collection":[{"href":"https:\/\/diarioregionaldigital.com.br\/index.php?rest_route=\/wp\/v2\/posts"}],"about":[{"href":"https:\/\/diarioregionaldigital.com.br\/index.php?rest_route=\/wp\/v2\/types\/post"}],"author":[{"embeddable":true,"href":"https:\/\/diarioregionaldigital.com.br\/index.php?rest_route=\/wp\/v2\/users\/96"}],"replies":[{"embeddable":true,"href":"https:\/\/diarioregionaldigital.com.br\/index.php?rest_route=%2Fwp%2Fv2%2Fcomments&post=106126"}],"version-history":[{"count":0,"href":"https:\/\/diarioregionaldigital.com.br\/index.php?rest_route=\/wp\/v2\/posts\/106126\/revisions"}],"wp:featuredmedia":[{"embeddable":true,"href":"https:\/\/diarioregionaldigital.com.br\/index.php?rest_route=\/wp\/v2\/media\/106127"}],"wp:attachment":[{"href":"https:\/\/diarioregionaldigital.com.br\/index.php?rest_route=%2Fwp%2Fv2%2Fmedia&parent=106126"}],"wp:term":[{"taxonomy":"category","embeddable":true,"href":"https:\/\/diarioregionaldigital.com.br\/index.php?rest_route=%2Fwp%2Fv2%2Fcategories&post=106126"},{"taxonomy":"post_tag","embeddable":true,"href":"https:\/\/diarioregionaldigital.com.br\/index.php?rest_route=%2Fwp%2Fv2%2Ftags&post=106126"}],"curies":[{"name":"wp","href":"https:\/\/api.w.org\/{rel}","templated":true}]}}