{"id":106117,"date":"2018-05-29T00:43:44","date_gmt":"2018-05-29T03:43:44","guid":{"rendered":"http:\/\/diarioregionaljf.com.br\/?p=106117"},"modified":"2018-05-29T00:43:44","modified_gmt":"2018-05-29T03:43:44","slug":"selecao-brasileira-de-volei-masculina-encerra-primeira-semana-da-liga-das-nacoes-com-mais-uma-vitoria","status":"publish","type":"post","link":"https:\/\/diarioregionaldigital.com.br\/?p=106117","title":{"rendered":"Sele\u00e7\u00e3o Brasileira de V\u00f4lei masculina encerra primeira semana da Liga das Na\u00e7\u00f5es com mais uma vit\u00f3ria"},"content":{"rendered":"<p>Com uma forma\u00e7\u00e3o diferente dos dois primeiros jogos, a sele\u00e7\u00e3o brasileira masculina de v\u00f4lei encerrou a sua participa\u00e7\u00e3o da primeira semana da Liga das Na\u00e7\u00f5es com vit\u00f3ria. Neste domingo, 27, \u00a0a equipe dirigida pelo t\u00e9cnico Renan bateu a Alemanha por 3 sets a 0 (26\/24, 25\/23 e 26\/24) e se despediu de Kraljevo, na S\u00e9rvia, com duas vit\u00f3rias, sobre os donos da casa e os alem\u00e3es, e um resultado negativo, para a It\u00e1lia.<\/p>\n<p>Nesta tarde, o Brasil come\u00e7ou com William, Wallace, \u00c9der, Isac, Maur\u00edcio Souza e Lipe, al\u00e9m do l\u00edbero Murilo, mantendo o que o treinador planejou para esta longa competi\u00e7\u00e3o que \u00e9 a Liga das Na\u00e7\u00f5es \u2013 cinco semanas de fase classificat\u00f3ria, uma de intervalo e mais uma de Fase Final.<\/p>\n<p>O oposto Wallace terminou o jogo como maior pontuador do Brasil, com o total de 16 acertos (14 de ataque, um de bloqueio e um de saque). O alem\u00e3o Fromm foi quem mais pontou na partida, com apenas um a mais. Titular na partida deste domingo, o levantador William comemorou a chance de estar em quadra.<\/p>\n<p>\u201cEu me divirto dentro de quadra e tento passar isso. Com o tempo, vamos aprendendo a jogar de uma maneira mais gostosa e estar aqui \u00e9 bom demais. Existe um time base e tem que ser assim, mas, quando temos a oportunidade, temos jogar da melhor maneira poss\u00edvel, tranquilo e acho que foi isso que aconteceu hoje\u201d, comentou William.<\/p>\n<p>O t\u00e9cnico Renan elogiou o desempenho do advers\u00e1rio. \u201cA Alemanha \u00e9 vice-campe\u00e3 europeia. \u00c9 um time que est\u00e1 sempre agarrado no placar. No segundo set, abriu 6\/0, os jogadores arriscaram tudo no saque e quando entra \u00e9 dif\u00edcil, al\u00e9m de ser uma equipe alta, dois centrais gigantes, um oposto que saca muito bem, enfim, n\u00f3s sab\u00edamos que ia ser muito dif\u00edcil\u201d, disse Renan.<\/p>\n<p>O treinador ainda falou sobre o desempenho da sele\u00e7\u00e3o brasileira nesta etapa. \u201cMiss\u00e3o quase cumprida na sua totalidade. Sa\u00edmos daqui com sete pontos, em um grupo extremamente dif\u00edcil, com duas sele\u00e7\u00f5es das grandes do voleibol mundial, que s\u00e3o S\u00e9rvia e It\u00e1lia, ent\u00e3o sa\u00edmos com uma pontua\u00e7\u00e3o importante, mas n\u00e3o totalmente satisfeitos porque quer\u00edamos a vit\u00f3ria de ontem\u201d, comentou.<\/p>\n<p>Nos tr\u00eas jogos, Renan utilizou os 14 jogadores que estavam \u00e0 disposi\u00e7\u00e3o nesta primeira semana. \u201cMesmo em um grupo t\u00e3o dif\u00edcil nesta primeira fase, era fundamental fazer com que todos atuassem, mas sempre com o pensamento de vencer. Ontem come\u00e7amos com uma equipe e depois alteramos. Hoje, deu para manter do in\u00edcio ao fim, o time se comportou bem, principalmente nos momentos delicados, quando teve maturidade. Mas, precisamos crescer. Isso \u00e9 claro. E precisamos de tempo para treinar e ajustar as coisas\u201d, concluiu o t\u00e9cnico do Brasil.<\/p>\n<p>A sele\u00e7\u00e3o brasileira est\u00e1 na S\u00e9rvia com os levantadores Bruninho e William; os opostos Evandro e Wallace; os centrais Maur\u00edcio Souza, Luc\u00e3o, Isac e \u00c9der; os ponteiros Maur\u00edcio Borges, Lipe, Douglas Souza e L\u00e9o, e os l\u00edberos Thales e Murilo.<\/p>\n<p>Saindo da S\u00e9rvia, a equipe brasileira jogar\u00e1 em casa. Na segunda semana da Liga das Na\u00e7\u00f5es, a disputa ser\u00e1 em Goi\u00e2nia (GO). Os ingressos para os duelos contra Coreia do Sul, Jap\u00e3o e Estados Unidos, nos dias 1, 2 e 3 de junho, est\u00e3o \u00e0 venda no site www.tudus.com.br.<\/p>\n<p><strong>O JOGO<\/strong><\/p>\n<p>O Brasil saiu na frente no erro de saque do advers\u00e1rio. A Alemanha assumiu o comando do marcador em 4\/3. No bloqueio de Wallace, a sele\u00e7\u00e3o brasileira marcou 6\/5. A equipe dirigida pelo t\u00e9cnico Renan ainda marcou 11\/8. Maur\u00edcio Borges marcou 14\/11. No segundo tempo t\u00e9cnico, o Brasil tinha quatro de vantagem: 16\/12. Os alem\u00e3es marcaram dois seguidos, fazendo 14\/16. A equipe verde e amarela voltou a abrir vantagem ao marcar 20\/16. Mais uma vez a Alemanha buscou e fez 18\/20. Na sequ\u00eancia, os alem\u00e3es encostaram em 20\/21 e Renan pediu tempo. No ponto de saque, o advers\u00e1rio empatou o jogo na reta final do set (21\/21) e assumiu o comando do marcador em 23\/22. No bloqueio, Isac marcou 24\/23. Wallace fez 25\/24. E Lipe fechou o primeiro set em 26\/24.<\/p>\n<p>A Alemanha n\u00e3o sentiu a derrota no primeiro set e entrou bem no segundo, abrindo 4\/0. Renan parou o jogo e, na volta, o advers\u00e1rio ainda fez 6\/0. O Brasil reagiu e reduziu a diferen\u00e7a para 3\/6. Os alem\u00e3es fizeram 9\/5 e, no ace de Lipe, a equipe brasileira fez 6\/9. Isac marcou 8\/11. O time de Renan ainda reduziu mais a desvantagem (10\/12). No bloqueio de \u00c9der, o time amarelo encostou de vez no placar, fazendo 13\/14. Alemanha pediu tempo. Com \u00c9der no bloqueio de novo, o Brasil empatou: 15\/15. A Alemanha voltou a abrir vantagem em 18\/16. Wallace colocou a sele\u00e7\u00e3o brasileira em vantagem novamente (20\/19). No bloqueio, o Brasil marcou 22\/21. Evandro fechou o segundo set em 25\/23.<\/p>\n<p>A Alemanha pontuou mais no in\u00edcio do terceiro set e fez 4\/2. No bloqueio simples de Maur\u00edcio Borges, a sele\u00e7\u00e3o brasileira chegou ao ponto de empate em 5\/5. O advers\u00e1rio voltou a ter vantagem de dois pontos no primeiro tempo t\u00e9cnico: 8\/6. O set esteve igual em 10\/10 e Lipe colocou o Brasil em vantagem: 11\/10. No bloqueio de \u00c9der, 13\/12. Sem empatado novamente em 15\/15. O time verde e amarela voltou a assumir o marcador em 18\/17 e os alem\u00e3es devolveram, fazendo 19\/18. O set esteve igual em 20\/20 e Giani pediu tempo. No ace de Wallace, 22\/21. Evandro bloqueou e fez 23\/21. O jogo ficou igual novamente: 23\/23. Renan pediu tempo. Evandro marcou 24\/23. \u00c9der fez 25\/24 e Evandro, 26\/24.<\/p>\n<p><strong>Fonte: CBV<\/strong><\/p>\n","protected":false},"excerpt":{"rendered":"<p>Com uma forma\u00e7\u00e3o diferente dos dois primeiros jogos, a sele\u00e7\u00e3o brasileira masculina de v\u00f4lei encerrou a sua participa\u00e7\u00e3o da primeira semana da Liga das Na\u00e7\u00f5es com vit\u00f3ria. Neste domingo, 27, \u00a0a equipe dirigida pelo t\u00e9cnico Renan bateu a Alemanha por 3 sets a 0 (26\/24, 25\/23 e 26\/24) e se despediu de Kraljevo, na S\u00e9rvia, [&hellip;]<\/p>\n","protected":false},"author":96,"featured_media":106118,"comment_status":"closed","ping_status":"closed","sticky":false,"template":"","format":"standard","meta":{"footnotes":""},"categories":[257,439],"tags":[],"class_list":["post-106117","post","type-post","status-publish","format-standard","has-post-thumbnail","hentry","category-esporte","category-ultima-hora"],"_links":{"self":[{"href":"https:\/\/diarioregionaldigital.com.br\/index.php?rest_route=\/wp\/v2\/posts\/106117","targetHints":{"allow":["GET"]}}],"collection":[{"href":"https:\/\/diarioregionaldigital.com.br\/index.php?rest_route=\/wp\/v2\/posts"}],"about":[{"href":"https:\/\/diarioregionaldigital.com.br\/index.php?rest_route=\/wp\/v2\/types\/post"}],"author":[{"embeddable":true,"href":"https:\/\/diarioregionaldigital.com.br\/index.php?rest_route=\/wp\/v2\/users\/96"}],"replies":[{"embeddable":true,"href":"https:\/\/diarioregionaldigital.com.br\/index.php?rest_route=%2Fwp%2Fv2%2Fcomments&post=106117"}],"version-history":[{"count":0,"href":"https:\/\/diarioregionaldigital.com.br\/index.php?rest_route=\/wp\/v2\/posts\/106117\/revisions"}],"wp:featuredmedia":[{"embeddable":true,"href":"https:\/\/diarioregionaldigital.com.br\/index.php?rest_route=\/wp\/v2\/media\/106118"}],"wp:attachment":[{"href":"https:\/\/diarioregionaldigital.com.br\/index.php?rest_route=%2Fwp%2Fv2%2Fmedia&parent=106117"}],"wp:term":[{"taxonomy":"category","embeddable":true,"href":"https:\/\/diarioregionaldigital.com.br\/index.php?rest_route=%2Fwp%2Fv2%2Fcategories&post=106117"},{"taxonomy":"post_tag","embeddable":true,"href":"https:\/\/diarioregionaldigital.com.br\/index.php?rest_route=%2Fwp%2Fv2%2Ftags&post=106117"}],"curies":[{"name":"wp","href":"https:\/\/api.w.org\/{rel}","templated":true}]}}