{"id":106114,"date":"2018-05-29T00:37:51","date_gmt":"2018-05-29T03:37:51","guid":{"rendered":"http:\/\/diarioregionaljf.com.br\/?p=106114"},"modified":"2018-05-29T00:37:51","modified_gmt":"2018-05-29T03:37:51","slug":"paulo-autuori-anuncia-saida-do-fluminense","status":"publish","type":"post","link":"https:\/\/diarioregionaldigital.com.br\/?p=106114","title":{"rendered":"Paulo Autuori anuncia sa\u00edda do Fluminense"},"content":{"rendered":"<p>A passagem de Paulo Autuori pelo Fluminense chegou ao fim. O diretor esportivo de futebol deixou o cargo, na manh\u00e3 desta segunda-feira, 28, \u00a0dia de reapresenta\u00e7\u00e3o no CT Pedro Antonio ap\u00f3s a vit\u00f3ria de s\u00e1bado diante da Chapecoense.<\/p>\n<p>Apesar de comunicada oficialmente apenas nesta tarde, a sa\u00edda de Autuori j\u00e1 era especulada desde a \u00faltima semana, principalmente ap\u00f3s algumas decis\u00f5es recentes tomadas pelo clube carioca, que aumentaram a insatisfa\u00e7\u00e3o e o desgaste do dirigente perante a diretoria.<\/p>\n<p>A trajet\u00f3ria tamb\u00e9m foi valorizada por Autuori, que desejou boa sorte ao Fluminense no futuro. \u201cFoi uma honra ter a oportunidade de fazer parte dessa institui\u00e7\u00e3o hist\u00f3rica e vitoriosa. Desejo sucesso ao clube nos pr\u00f3ximos passos daqui em diante\u201d, afirmou.<\/p>\n<p>&nbsp;<\/p>\n","protected":false},"excerpt":{"rendered":"<p>A passagem de Paulo Autuori pelo Fluminense chegou ao fim. O diretor esportivo de futebol deixou o cargo, na manh\u00e3 desta segunda-feira, 28, \u00a0dia de reapresenta\u00e7\u00e3o no CT Pedro Antonio ap\u00f3s a vit\u00f3ria de s\u00e1bado diante da Chapecoense. Apesar de comunicada oficialmente apenas nesta tarde, a sa\u00edda de Autuori j\u00e1 era especulada desde a \u00faltima [&hellip;]<\/p>\n","protected":false},"author":96,"featured_media":106115,"comment_status":"closed","ping_status":"closed","sticky":false,"template":"","format":"standard","meta":{"footnotes":""},"categories":[257,439],"tags":[],"class_list":["post-106114","post","type-post","status-publish","format-standard","has-post-thumbnail","hentry","category-esporte","category-ultima-hora"],"_links":{"self":[{"href":"https:\/\/diarioregionaldigital.com.br\/index.php?rest_route=\/wp\/v2\/posts\/106114","targetHints":{"allow":["GET"]}}],"collection":[{"href":"https:\/\/diarioregionaldigital.com.br\/index.php?rest_route=\/wp\/v2\/posts"}],"about":[{"href":"https:\/\/diarioregionaldigital.com.br\/index.php?rest_route=\/wp\/v2\/types\/post"}],"author":[{"embeddable":true,"href":"https:\/\/diarioregionaldigital.com.br\/index.php?rest_route=\/wp\/v2\/users\/96"}],"replies":[{"embeddable":true,"href":"https:\/\/diarioregionaldigital.com.br\/index.php?rest_route=%2Fwp%2Fv2%2Fcomments&post=106114"}],"version-history":[{"count":0,"href":"https:\/\/diarioregionaldigital.com.br\/index.php?rest_route=\/wp\/v2\/posts\/106114\/revisions"}],"wp:featuredmedia":[{"embeddable":true,"href":"https:\/\/diarioregionaldigital.com.br\/index.php?rest_route=\/wp\/v2\/media\/106115"}],"wp:attachment":[{"href":"https:\/\/diarioregionaldigital.com.br\/index.php?rest_route=%2Fwp%2Fv2%2Fmedia&parent=106114"}],"wp:term":[{"taxonomy":"category","embeddable":true,"href":"https:\/\/diarioregionaldigital.com.br\/index.php?rest_route=%2Fwp%2Fv2%2Fcategories&post=106114"},{"taxonomy":"post_tag","embeddable":true,"href":"https:\/\/diarioregionaldigital.com.br\/index.php?rest_route=%2Fwp%2Fv2%2Ftags&post=106114"}],"curies":[{"name":"wp","href":"https:\/\/api.w.org\/{rel}","templated":true}]}}