{"id":106099,"date":"2018-05-28T20:27:28","date_gmt":"2018-05-28T23:27:28","guid":{"rendered":"http:\/\/diarioregionaljf.com.br\/?p=106099"},"modified":"2018-05-28T20:27:28","modified_gmt":"2018-05-28T23:27:28","slug":"manifestantes-de-esquerda-e-direita-realizam-atos-em-apoio-a-greve-dos-caminhoneiros","status":"publish","type":"post","link":"https:\/\/diarioregionaldigital.com.br\/?p=106099","title":{"rendered":"Manifestantes de esquerda e direita realizam atos em apoio \u00e0 greve dos caminhoneiros"},"content":{"rendered":"<p>O presidente Michel Temer anunciou neste domingo, 27, a edi\u00e7\u00e3o de tr\u00eas medidas provis\u00f3rias (MPs) como resultado do acordo firmado entre o governo federal com os caminhoneiros visando o fim da greve iniciada na semana passada. Por\u00e9m, mesmo com o acordo, a categoria continua organizada nas rodovias brasileiras e entraram no oitavo dia de paralisa\u00e7\u00e3o nessa segunda-feira, 28.<\/p>\n<p>A greve possui um apelo popular, mesmo causando o desabastecimento nas cidades brasileiras e diversos atos em apoio aos caminhoneiros foram realizados, inclusive em Juiz de Fora. Trabalhadores de diversos setores e estudantes se reuniram na Rua Halfeld na tarde dessa segunda-feira, 28, em manifesta\u00e7\u00e3o em prol dos caminhoneiros, contra o governo Temer e pedindo que o ex-presidente Luiz In\u00e1cio Lula da Silva fosse solto.<\/p>\n<p>\u201cN\u00f3s damos apoio a esses trabalhadores que est\u00e3o dias e dias nas estadas esperando que o governo assuma a responsabilidade que n\u00e3o assumiu at\u00e9 hoje\u201d, ressaltou a diretora de Comunica\u00e7\u00e3o do Sindicato \u00danico dos Trabalhadores em Educa\u00e7\u00e3o (Sind-Ute), Yara Aquino. \u201cDiante dos fatos ocorridos nos \u00faltimos dias, eu acredito que esse \u00e9 o momento ideal, por isso, v\u00e1rias entidades est\u00e3o aqui reunidas, independente da bandeira que esteja erguendo, com um \u00fanico objetivo: um Brasil melhor\u201d, acrescentou.<\/p>\n<p>Al\u00e9m das pautas citadas, os manifestantes tamb\u00e9m utilizaram do microfone para explanar sobre os impasses vividos pelas suas respectivas categorias. \u201cN\u00f3s tamb\u00e9m reivindicamos pela volta do pagamento dos sal\u00e1rios dos professores no quinto dia \u00fatil. N\u00f3s ficamos paralisados por quase 40 dias, voltamos sem conquista, e o governo estadual manteve o pagamento atrasado\u201d, disse Yara, relembrando o acerto feito pelo governo no dia 18 de maio.<\/p>\n\n\t\t<style type=\"text\/css\">\n\t\t\t#gallery-1 {\n\t\t\t\tmargin: auto;\n\t\t\t}\n\t\t\t#gallery-1 .gallery-item {\n\t\t\t\tfloat: left;\n\t\t\t\tmargin-top: 10px;\n\t\t\t\ttext-align: center;\n\t\t\t\twidth: 50%;\n\t\t\t}\n\t\t\t#gallery-1 img {\n\t\t\t\tborder: 2px solid #cfcfcf;\n\t\t\t}\n\t\t\t#gallery-1 .gallery-caption {\n\t\t\t\tmargin-left: 0;\n\t\t\t}\n\t\t\t\/* see gallery_shortcode() in wp-includes\/media.php *\/\n\t\t<\/style>\n\t\t<div id='gallery-1' class='gallery galleryid-106099 gallery-columns-2 gallery-size-medium'><dl class='gallery-item'>\n\t\t\t<dt class='gallery-icon landscape'>\n\t\t\t\t<a href='https:\/\/diarioregionaldigital.com.br\/?attachment_id=106101'><img loading=\"lazy\" decoding=\"async\" width=\"300\" height=\"200\" src=\"https:\/\/diarioregionaldigital.com.br\/wp-content\/uploads\/2018\/05\/atoesquerda-300x200.jpg\" class=\"attachment-medium size-medium\" alt=\"\" aria-describedby=\"gallery-1-106101\" srcset=\"https:\/\/diarioregionaldigital.com.br\/wp-content\/uploads\/2018\/05\/atoesquerda-300x200.jpg 300w, https:\/\/diarioregionaldigital.com.br\/wp-content\/uploads\/2018\/05\/atoesquerda-768x512.jpg 768w, https:\/\/diarioregionaldigital.com.br\/wp-content\/uploads\/2018\/05\/atoesquerda-1024x683.jpg 1024w, https:\/\/diarioregionaldigital.com.br\/wp-content\/uploads\/2018\/05\/atoesquerda-360x240.jpg 360w\" sizes=\"auto, (max-width: 300px) 100vw, 300px\" \/><\/a>\n\t\t\t<\/dt>\n\t\t\t\t<dd class='wp-caption-text gallery-caption' id='gallery-1-106101'>\n\t\t\t\tManifestantes de esquerda realizaram uma passeata nas ruas centrais da cidade. Foto: Rafaela Frutuoso \n\t\t\t\t<\/dd><\/dl><dl class='gallery-item'>\n\t\t\t<dt class='gallery-icon landscape'>\n\t\t\t\t<a href='https:\/\/diarioregionaldigital.com.br\/?attachment_id=106108'><img loading=\"lazy\" decoding=\"async\" width=\"300\" height=\"200\" src=\"https:\/\/diarioregionaldigital.com.br\/wp-content\/uploads\/2018\/05\/atodireita-6-300x200.jpg\" class=\"attachment-medium size-medium\" alt=\"\" aria-describedby=\"gallery-1-106108\" srcset=\"https:\/\/diarioregionaldigital.com.br\/wp-content\/uploads\/2018\/05\/atodireita-6-300x200.jpg 300w, https:\/\/diarioregionaldigital.com.br\/wp-content\/uploads\/2018\/05\/atodireita-6-768x512.jpg 768w, https:\/\/diarioregionaldigital.com.br\/wp-content\/uploads\/2018\/05\/atodireita-6-360x240.jpg 360w, https:\/\/diarioregionaldigital.com.br\/wp-content\/uploads\/2018\/05\/atodireita-6.jpg 1000w\" sizes=\"auto, (max-width: 300px) 100vw, 300px\" \/><\/a>\n\t\t\t<\/dt>\n\t\t\t\t<dd class='wp-caption-text gallery-caption' id='gallery-1-106108'>\n\t\t\t\tManifestantes de direita ficaram concentrados no Parque Halfeld. Foto: Rafaela Frutuoso \n\t\t\t\t<\/dd><\/dl><br style=\"clear: both\" \/>\n\t\t<\/div>\n\n<p>&nbsp;<\/p>\n<p><strong>INTERVEN\u00c7\u00c3O MILITAR<\/strong><\/p>\n<p>Enquanto os manifestantes de esquerda se reuniram na Rua Halfeld, em frente ao Banco do Brasil, no Parque Halfeld, esquina com a Avenida Rio Branco, um pequeno grupo de apoiadores da interven\u00e7\u00e3o militar e de direita tamb\u00e9m realizaram um ato. Apesar de ideais pol\u00edticos diferentes as duas manifesta\u00e7\u00f5es tinham um vi\u00e9s em comum: o apoio aos caminhoneiros.<\/p>\n<p>\u201cN\u00f3s apoiamos os caminhoneiros, pois eles foram corajosos e iniciaram este movimento [contra o atual governo]\u201d, enfatizou o empres\u00e1rio Alexandre Fonseca de Castro, um dos manifestantes. Ele relatou que o ato foi organizado por um grupo de um aplicativo de mensagens a favor da interven\u00e7\u00e3o militar.<\/p>\n<p>\u201cQueremos a interven\u00e7\u00e3o militar para poder reformular o pa\u00eds, limpar a sujeira e tirar os \u2018bandidos\u2019 de l\u00e1 [Congresso Nacional], pois eles legislam por causa pr\u00f3pria\u201d, disse o manifestante. \u201cQuando o Ex\u00e9rcito estava no poder, t\u00ednhamos altos \u00edndices de crescimento e \u00e9ramos comparados a Coreia do Sul. Atualmente, n\u00e3o \u00e9 poss\u00edvel fazer esta compara\u00e7\u00e3o porque, desde a redemocratiza\u00e7\u00e3o do Brasil, apenas a esquerda governou o Brasil, o que nos conduziu a este caos\u201d, esclareceu Alexandre a sua motiva\u00e7\u00e3o de apoio a interven\u00e7\u00e3o militar.<\/p>\n<p>O manifestante tamb\u00e9m explicou que o pedido de interven\u00e7\u00e3o militar n\u00e3o quer dizer a volta do regime ditatorial no pa\u00eds. \u201cS\u00f3 h\u00e1 ditadura se houver golpe, e n\u00e3o \u00e9 golpe. A interven\u00e7\u00e3o militar \u00e9 para organizar e a democracia continua do mesmo jeito. A ditadura n\u00e3o \u00e9 boa para o pa\u00eds, e nem o Ex\u00e9rcito quer, porque diante do mundo o Brasil ficaria mal visto, com um governo ditatorial\u201d, finalizou.<\/p>\n","protected":false},"excerpt":{"rendered":"<p>O presidente Michel Temer anunciou neste domingo, 27, a edi\u00e7\u00e3o de tr\u00eas medidas provis\u00f3rias (MPs) como resultado do acordo firmado entre o governo federal com os caminhoneiros visando o fim da greve iniciada na semana passada. Por\u00e9m, mesmo com o acordo, a categoria continua organizada nas rodovias brasileiras e entraram no oitavo dia de paralisa\u00e7\u00e3o [&hellip;]<\/p>\n","protected":false},"author":96,"featured_media":106100,"comment_status":"closed","ping_status":"closed","sticky":false,"template":"","format":"standard","meta":{"footnotes":""},"categories":[253,440,439],"tags":[],"class_list":["post-106099","post","type-post","status-publish","format-standard","has-post-thumbnail","hentry","category-cidade","category-destaques-do-dia","category-ultima-hora"],"_links":{"self":[{"href":"https:\/\/diarioregionaldigital.com.br\/index.php?rest_route=\/wp\/v2\/posts\/106099","targetHints":{"allow":["GET"]}}],"collection":[{"href":"https:\/\/diarioregionaldigital.com.br\/index.php?rest_route=\/wp\/v2\/posts"}],"about":[{"href":"https:\/\/diarioregionaldigital.com.br\/index.php?rest_route=\/wp\/v2\/types\/post"}],"author":[{"embeddable":true,"href":"https:\/\/diarioregionaldigital.com.br\/index.php?rest_route=\/wp\/v2\/users\/96"}],"replies":[{"embeddable":true,"href":"https:\/\/diarioregionaldigital.com.br\/index.php?rest_route=%2Fwp%2Fv2%2Fcomments&post=106099"}],"version-history":[{"count":0,"href":"https:\/\/diarioregionaldigital.com.br\/index.php?rest_route=\/wp\/v2\/posts\/106099\/revisions"}],"wp:featuredmedia":[{"embeddable":true,"href":"https:\/\/diarioregionaldigital.com.br\/index.php?rest_route=\/wp\/v2\/media\/106100"}],"wp:attachment":[{"href":"https:\/\/diarioregionaldigital.com.br\/index.php?rest_route=%2Fwp%2Fv2%2Fmedia&parent=106099"}],"wp:term":[{"taxonomy":"category","embeddable":true,"href":"https:\/\/diarioregionaldigital.com.br\/index.php?rest_route=%2Fwp%2Fv2%2Fcategories&post=106099"},{"taxonomy":"post_tag","embeddable":true,"href":"https:\/\/diarioregionaldigital.com.br\/index.php?rest_route=%2Fwp%2Fv2%2Ftags&post=106099"}],"curies":[{"name":"wp","href":"https:\/\/api.w.org\/{rel}","templated":true}]}}