{"id":106093,"date":"2018-05-29T06:00:59","date_gmt":"2018-05-29T09:00:59","guid":{"rendered":"http:\/\/diarioregionaljf.com.br\/?p=106093"},"modified":"2018-05-28T20:12:22","modified_gmt":"2018-05-28T23:12:22","slug":"procon-faz-alerta-para-venda-irregular-de-combustivel","status":"publish","type":"post","link":"https:\/\/diarioregionaldigital.com.br\/?p=106093","title":{"rendered":"Procon faz alerta para venda irregular de combust\u00edvel"},"content":{"rendered":"<p>A Ag\u00eancia de Prote\u00e7\u00e3o e Defesa do Consumidor (Procon) de\u00a0Juiz de Fora informou, que ainda n\u00e3o foi preciso notificar nenhum posto de combust\u00edvel quanto \u00e0s pr\u00e1ticas de pre\u00e7os abusivos neste per\u00edodo de greve dos caminhoneiros. De acordo com o superintendente do Procon,\u00a0Eduardo\u00a0Schr\u00f6der, das den\u00fancias recebidas pelo \u00f3rg\u00e3o nos \u00faltimos dias, nenhuma foi caracterizada como anormal ou acima do que \u00e9 permitido.<\/p>\n<p>\u201cAinda n\u00e3o recebemos den\u00fancias graves. \u00c9 importante saber que toda vez que h\u00e1 escassez de um produto, o pre\u00e7o dele sobe. \u00c9 normal. \u00c9 a lei da oferta e da procura. Mas, sabemos que n\u00e3o podemos admitir que os comerciantes,\u00a0usando de m\u00e1-f\u00e9,\u00a0cobrem valor acima do mercado. \u00c9 esse tipo de pr\u00e1tica que estamos tentando coibir\u201d, afirmou.<\/p>\n<p>Segundo\u00a0Schr\u00f6der, a falta de combust\u00edvel impede que os estabelecimentos abusem dos consumidores. O levantamento mais recente divulgado pelo Sindicato do Com\u00e9rcio Varejista de Derivados de Petr\u00f3leo no Estado de Minas Gerais (Minaspetro) apontou que o desabastecimento de combust\u00edveis j\u00e1 atingia 93% dos estabelecimentos mineiros. \u201cFomos a v\u00e1rios distribuidores da cidade e n\u00e3o encontramos o produto. Se existe algu\u00e9m que est\u00e1 vendendo de forma abusiva, estamos abertos \u00e0 den\u00fancia, mas ainda n\u00e3o recebemos nada que, de fato, constate a eleva\u00e7\u00e3o\u201d, explicou.<\/p>\n<div id=\"attachment_106097\" style=\"width: 3466px\" class=\"wp-caption alignnone\"><img loading=\"lazy\" decoding=\"async\" aria-describedby=\"caption-attachment-106097\" class=\"size-full wp-image-106097\" src=\"http:\/\/diarioregionaljf.com.br\/wp-content\/uploads\/2018\/05\/foto-02.jpg\" alt=\"\" width=\"3456\" height=\"2304\" srcset=\"https:\/\/diarioregionaldigital.com.br\/wp-content\/uploads\/2018\/05\/foto-02.jpg 3456w, https:\/\/diarioregionaldigital.com.br\/wp-content\/uploads\/2018\/05\/foto-02-300x200.jpg 300w, https:\/\/diarioregionaldigital.com.br\/wp-content\/uploads\/2018\/05\/foto-02-768x512.jpg 768w, https:\/\/diarioregionaldigital.com.br\/wp-content\/uploads\/2018\/05\/foto-02-1024x683.jpg 1024w, https:\/\/diarioregionaldigital.com.br\/wp-content\/uploads\/2018\/05\/foto-02-360x240.jpg 360w\" sizes=\"auto, (max-width: 3456px) 100vw, 3456px\" \/><p id=\"caption-attachment-106097\" class=\"wp-caption-text\">Consumidores devem estar atentos e denunciar ao Procon qualquer pr\u00e1tica usada de m\u00e1-f\u00e9. FOTO: Rafaela Frutuoso<\/p><\/div>\n<p>Em meio \u00e0 crise, diversos an\u00fancios de vendas do produto por terceiros foram lan\u00e7ados nas redes sociais,\u00a0Schr\u00f6der\u00a0advertiu. \u201cOs preju\u00edzos para quem adquire combust\u00edvel de maneira irregular podem ser grandes. Primeiro que o consumidor n\u00e3o sabe a origem do produto. Os postos formais t\u00eam todo o cuidado para armazenar e garantem a qualidade. O Procon foi notificado sobre o com\u00e9rcio informal de v\u00e1rios itens, entre eles est\u00e1 o combust\u00edvel. J\u00e1 sab\u00edamos que isso poderia acontecer no momento de crise. Por\u00e9m, o consumidor deve ficar atento, pois o que est\u00e1 sendo vendido pode impactar negativamente o seu ve\u00edculo\u201d, alertou.<\/p>\n<p>Conforme\u00a0Schr\u00f6der, quem comercializa o produto de forma irregular est\u00e1 sujeito \u00e0 apreens\u00e3o do produto e outras penalidades.\u00a0Ele\u00a0tamb\u00e9m garantiu que o consumidor que comprou e teve algum problema pode formalizar uma reclama\u00e7\u00e3o no \u00f3rg\u00e3o. \u201cA inten\u00e7\u00e3o do Procon \u00e9 retirar esses produtos\u00a0irregulares do mercado\u201d, disse.<\/p>\n<p>A dica, segundo ele, \u00e9 manter a calma. \u201cO ideal, neste momento, \u00e9 procurar meios alternativos de transporte e aguardar o restabelecimento. \u00c9 poss\u00edvel que o servi\u00e7o seja normalizado nesta semana\u201d, finalizou.<\/p>\n<p>&nbsp;<\/p>\n<p>&nbsp;<\/p>\n","protected":false},"excerpt":{"rendered":"<p>A Ag\u00eancia de Prote\u00e7\u00e3o e Defesa do Consumidor (Procon) de\u00a0Juiz de Fora informou, que ainda n\u00e3o foi preciso notificar nenhum posto de combust\u00edvel quanto \u00e0s pr\u00e1ticas de pre\u00e7os abusivos neste per\u00edodo de greve dos caminhoneiros. De acordo com o superintendente do Procon,\u00a0Eduardo\u00a0Schr\u00f6der, das den\u00fancias recebidas pelo \u00f3rg\u00e3o nos \u00faltimos dias, nenhuma foi caracterizada como anormal [&hellip;]<\/p>\n","protected":false},"author":96,"featured_media":106096,"comment_status":"closed","ping_status":"closed","sticky":false,"template":"","format":"standard","meta":{"footnotes":""},"categories":[253,440,439],"tags":[],"class_list":["post-106093","post","type-post","status-publish","format-standard","has-post-thumbnail","hentry","category-cidade","category-destaques-do-dia","category-ultima-hora"],"_links":{"self":[{"href":"https:\/\/diarioregionaldigital.com.br\/index.php?rest_route=\/wp\/v2\/posts\/106093","targetHints":{"allow":["GET"]}}],"collection":[{"href":"https:\/\/diarioregionaldigital.com.br\/index.php?rest_route=\/wp\/v2\/posts"}],"about":[{"href":"https:\/\/diarioregionaldigital.com.br\/index.php?rest_route=\/wp\/v2\/types\/post"}],"author":[{"embeddable":true,"href":"https:\/\/diarioregionaldigital.com.br\/index.php?rest_route=\/wp\/v2\/users\/96"}],"replies":[{"embeddable":true,"href":"https:\/\/diarioregionaldigital.com.br\/index.php?rest_route=%2Fwp%2Fv2%2Fcomments&post=106093"}],"version-history":[{"count":0,"href":"https:\/\/diarioregionaldigital.com.br\/index.php?rest_route=\/wp\/v2\/posts\/106093\/revisions"}],"wp:featuredmedia":[{"embeddable":true,"href":"https:\/\/diarioregionaldigital.com.br\/index.php?rest_route=\/wp\/v2\/media\/106096"}],"wp:attachment":[{"href":"https:\/\/diarioregionaldigital.com.br\/index.php?rest_route=%2Fwp%2Fv2%2Fmedia&parent=106093"}],"wp:term":[{"taxonomy":"category","embeddable":true,"href":"https:\/\/diarioregionaldigital.com.br\/index.php?rest_route=%2Fwp%2Fv2%2Fcategories&post=106093"},{"taxonomy":"post_tag","embeddable":true,"href":"https:\/\/diarioregionaldigital.com.br\/index.php?rest_route=%2Fwp%2Fv2%2Ftags&post=106093"}],"curies":[{"name":"wp","href":"https:\/\/api.w.org\/{rel}","templated":true}]}}