{"id":106086,"date":"2018-05-29T06:00:21","date_gmt":"2018-05-29T09:00:21","guid":{"rendered":"http:\/\/diarioregionaljf.com.br\/?p=106086"},"modified":"2018-08-09T19:32:40","modified_gmt":"2018-08-09T22:32:40","slug":"o-homem-aloja-dentro-de-si-a-sabedoria-universal","status":"publish","type":"post","link":"https:\/\/diarioregionaldigital.com.br\/?p=106086","title":{"rendered":"O Homem Aloja Dentro de si a Sabedoria Universal"},"content":{"rendered":"<p style=\"text-align: center;\"><strong>O Homem Aloja Dentro de si a Sabedoria Universal <\/strong><\/p>\n<p style=\"text-align: center;\">A raz\u00e3o de o ser humano poder compreender a constitui\u00e7\u00e3o do Universo e dar-lhe um significado resulta do fato de trazer alojada em seu interior a pr\u00f3pria Sabedoria Universal, que se tornou sua Vida. Chamamos de &#8220;Deus&#8221; a Sabedoria Imanente no Universo e, como Ela est\u00e1 alojada no interior do homem, podemos cham\u00e1-lo de &#8220;filho de Deus&#8221;.<br \/>\nA Ess\u00eancia do ser humano \u00e9 o pr\u00f3prio Deus. Por isso, quando o homem investiga a si mesmo est\u00e1 investigando a procria natureza de Deus. Como a Sabedoria Universal encontra-se no homern podemos dizer que &#8220;Deus est\u00e1 alojado em seu interior&#8221;. Por&#8217; isso, o homem \u00e9 &#8220;filho de Deus&#8221; e traz em seu interior o &#8220;Reino de Deus&#8221;. Dai Jesus ter ensinado: &#8220;O Reino de Deus est\u00e1 dentro de v\u00f3s&#8221;. Pura supersti\u00e7\u00e3o acreditar que o Reino de Deus est\u00e1 em algum lugar, distante, exterior ao homem; ou crer que ele se aproxima ou que o homem pode ir at\u00e9 ele.<\/p>\n<p style=\"text-align: center;\"><strong>Como encontrar a raz\u00e3o de viver<\/strong><br \/>\nVale a pena viver esta vida? Muitos ainda n\u00e3o conseguiram responder a essa pergunta ou entenderam erroneamente que &#8220;n\u00e3o vale a pena&#8221;, como atestam as in\u00fameras not\u00edcias de suic\u00eddio entre estudantes dos cursos ginasial e colegial. Considerando a si mesmo como um simples corpo material, o homem enquanto pode desfrutar dos prazeres carnais, embriagando-se com eles, talvez consiga concluir que a vida vale a pena. Mas basta que o seu corpo f\u00edsico seja colocado numa condi\u00e7\u00e3o que o impe\u00e7a de usufruir de tais prazeres e pronto: sentindo falta dessa raz\u00e3o para viver, ele n\u00e3o v\u00ea outro caminho sen\u00e3o o do suic\u00eddio. A verdadeira raz\u00e3o para viver, somente \u00e9 compreendida quando o homem se conscientiza de que sua vida, na Ess\u00eancia, \u00e9 a pr\u00f3pria Vida de Deus, de que o Reino de Deus est\u00e1 em seu interior e que ele, homem, possui uma miss\u00e3o: a de manifestar esse Reino de Deus na face da Terra.<\/p>\n","protected":false},"excerpt":{"rendered":"<p>O Homem Aloja Dentro de si a Sabedoria Universal A raz\u00e3o de o ser humano poder compreender a constitui\u00e7\u00e3o do Universo e dar-lhe um significado resulta do fato de trazer alojada em seu interior a pr\u00f3pria Sabedoria Universal, que se tornou sua Vida. Chamamos de &#8220;Deus&#8221; a Sabedoria Imanente no Universo e, como Ela est\u00e1 [&hellip;]<\/p>\n","protected":false},"author":96,"featured_media":0,"comment_status":"closed","ping_status":"closed","sticky":false,"template":"","format":"standard","meta":{"footnotes":""},"categories":[263],"tags":[],"class_list":["post-106086","post","type-post","status-publish","format-standard","hentry","category-jane-aragao"],"_links":{"self":[{"href":"https:\/\/diarioregionaldigital.com.br\/index.php?rest_route=\/wp\/v2\/posts\/106086","targetHints":{"allow":["GET"]}}],"collection":[{"href":"https:\/\/diarioregionaldigital.com.br\/index.php?rest_route=\/wp\/v2\/posts"}],"about":[{"href":"https:\/\/diarioregionaldigital.com.br\/index.php?rest_route=\/wp\/v2\/types\/post"}],"author":[{"embeddable":true,"href":"https:\/\/diarioregionaldigital.com.br\/index.php?rest_route=\/wp\/v2\/users\/96"}],"replies":[{"embeddable":true,"href":"https:\/\/diarioregionaldigital.com.br\/index.php?rest_route=%2Fwp%2Fv2%2Fcomments&post=106086"}],"version-history":[{"count":0,"href":"https:\/\/diarioregionaldigital.com.br\/index.php?rest_route=\/wp\/v2\/posts\/106086\/revisions"}],"wp:attachment":[{"href":"https:\/\/diarioregionaldigital.com.br\/index.php?rest_route=%2Fwp%2Fv2%2Fmedia&parent=106086"}],"wp:term":[{"taxonomy":"category","embeddable":true,"href":"https:\/\/diarioregionaldigital.com.br\/index.php?rest_route=%2Fwp%2Fv2%2Fcategories&post=106086"},{"taxonomy":"post_tag","embeddable":true,"href":"https:\/\/diarioregionaldigital.com.br\/index.php?rest_route=%2Fwp%2Fv2%2Ftags&post=106086"}],"curies":[{"name":"wp","href":"https:\/\/api.w.org\/{rel}","templated":true}]}}