{"id":106084,"date":"2018-05-29T06:00:14","date_gmt":"2018-05-29T09:00:14","guid":{"rendered":"http:\/\/diarioregionaljf.com.br\/?p=106084"},"modified":"2018-08-13T20:27:56","modified_gmt":"2018-08-13T23:27:56","slug":"camara-municipal-de-matias-barbosa-29-05-18","status":"publish","type":"post","link":"https:\/\/diarioregionaldigital.com.br\/?p=106084","title":{"rendered":"C\u00e2mara Municipal de Matias Barbosa 29\/05\/18"},"content":{"rendered":"<p style=\"text-align: center;\"><strong>C\u00c2MARA MUNICIPAL DE MATIAS BARBOSA &#8211; MG<\/strong><\/p>\n<p style=\"text-align: center;\"><strong>AVISO DE LICITA\u00c7\u00c3O<\/strong><\/p>\n<p style=\"text-align: center;\"><strong>PROCESSO LICITAT\u00d3RIO N\u00ba. 44\/2018<\/strong><\/p>\n<p style=\"text-align: center;\"><strong>PREG\u00c3O N\u00ba. 08\/2018<\/strong><\/p>\n<p><strong>OBJETO: <\/strong>Registro de Pre\u00e7o, do tipo MENOR PRE\u00c7O, objetivando a contrata\u00e7\u00e3o de empresa para fornecimento de camisas, destinadas \u00e0 utiliza\u00e7\u00e3o em eventos Institucionais e outros que se fizerem necess\u00e1rios para suprir as necessidades da C\u00e2mara Municipal de Matias Barbosa, conforme as condi\u00e7\u00f5es e especifica\u00e7\u00f5es constantes no edital e \u00a0seus anexos<strong>.<\/strong><\/p>\n<p><strong>SETOR REQUISITANTE: Presid\u00eancia da C\u00e2mara Municipal de Matias Barbosa<\/strong><\/p>\n<p><strong>ENTREGA E ABERTURA DOS ENVELOPES DE \u201cHABILITA\u00c7\u00c3O\u201d E \u201cPROPOSTA COMERCIAL\u201d:<\/strong><\/p>\n<p><strong>DATA: 14\/06\/2018<\/strong><\/p>\n<p><strong>HOR\u00c1RIO: 09:00 (nove horas)<\/strong><\/p>\n<p><strong>LOCAL: Sala de reuni\u00f5es da C\u00e2mara Municipal de Matias Barbosa, situada na\u00a0\u00a0\u00a0 Avenida Engenheiro Paulo Brand\u00e3o, n\u00b0. 380, Loteamento: Parque dos Sabi\u00e1s, na cidade de Matias Barbosa \u2013 MG. CEP: 36.120-000.<\/strong><\/p>\n<p><strong>CONSULTAS AO EDITAL, E DIVULGA\u00c7\u00c3O DE INFORMA\u00c7\u00d5ES: No site C\u00e2mara Municipal , www.matiasbarbosa.mg.leg.br.<\/strong><\/p>\n<p><strong>ESCLARECIMENTOS: Eventuais d\u00favidas podem ser esclarecidas atrav\u00e9s do e-mail: <u>licitacao@matiasbarbosa.mg.leg.br<\/u>, tel: (32) 3273 5719.<\/strong><\/p>\n","protected":false},"excerpt":{"rendered":"<p>C\u00c2MARA MUNICIPAL DE MATIAS BARBOSA &#8211; MG AVISO DE LICITA\u00c7\u00c3O PROCESSO LICITAT\u00d3RIO N\u00ba. 44\/2018 PREG\u00c3O N\u00ba. 08\/2018 OBJETO: Registro de Pre\u00e7o, do tipo MENOR PRE\u00c7O, objetivando a contrata\u00e7\u00e3o de empresa para fornecimento de camisas, destinadas \u00e0 utiliza\u00e7\u00e3o em eventos Institucionais e outros que se fizerem necess\u00e1rios para suprir as necessidades da C\u00e2mara Municipal de Matias [&hellip;]<\/p>\n","protected":false},"author":96,"featured_media":0,"comment_status":"closed","ping_status":"closed","sticky":false,"template":"","format":"standard","meta":{"footnotes":""},"categories":[307],"tags":[],"class_list":["post-106084","post","type-post","status-publish","format-standard","hentry","category-editais"],"_links":{"self":[{"href":"https:\/\/diarioregionaldigital.com.br\/index.php?rest_route=\/wp\/v2\/posts\/106084","targetHints":{"allow":["GET"]}}],"collection":[{"href":"https:\/\/diarioregionaldigital.com.br\/index.php?rest_route=\/wp\/v2\/posts"}],"about":[{"href":"https:\/\/diarioregionaldigital.com.br\/index.php?rest_route=\/wp\/v2\/types\/post"}],"author":[{"embeddable":true,"href":"https:\/\/diarioregionaldigital.com.br\/index.php?rest_route=\/wp\/v2\/users\/96"}],"replies":[{"embeddable":true,"href":"https:\/\/diarioregionaldigital.com.br\/index.php?rest_route=%2Fwp%2Fv2%2Fcomments&post=106084"}],"version-history":[{"count":0,"href":"https:\/\/diarioregionaldigital.com.br\/index.php?rest_route=\/wp\/v2\/posts\/106084\/revisions"}],"wp:attachment":[{"href":"https:\/\/diarioregionaldigital.com.br\/index.php?rest_route=%2Fwp%2Fv2%2Fmedia&parent=106084"}],"wp:term":[{"taxonomy":"category","embeddable":true,"href":"https:\/\/diarioregionaldigital.com.br\/index.php?rest_route=%2Fwp%2Fv2%2Fcategories&post=106084"},{"taxonomy":"post_tag","embeddable":true,"href":"https:\/\/diarioregionaldigital.com.br\/index.php?rest_route=%2Fwp%2Fv2%2Ftags&post=106084"}],"curies":[{"name":"wp","href":"https:\/\/api.w.org\/{rel}","templated":true}]}}