{"id":106061,"date":"2018-05-29T06:00:00","date_gmt":"2018-05-29T09:00:00","guid":{"rendered":"http:\/\/diarioregionaljf.com.br\/?p=106061"},"modified":"2018-08-13T20:27:57","modified_gmt":"2018-08-13T23:27:57","slug":"reducao-de-capital-madetrans-transportes-de-cargas-ltda-29-05-18","status":"publish","type":"post","link":"https:\/\/diarioregionaldigital.com.br\/?p=106061","title":{"rendered":"Redu\u00e7\u00e3o de Capital &#8211; Madetrans Transportes de Cargas Ltda 29\/05\/18"},"content":{"rendered":"<p style=\"text-align: center;\"><strong>Redu\u00e7\u00e3o De Capital &#8211; Madetrans Transportes De Cargas Ltda<\/strong><\/p>\n<p>As s\u00f3cias Madja Luzia Pena Bressan, Rosane Pena Bressan e Rejane Pena Bressan, s\u00f3cias da Madetrans Transporte de Cargas Ltda, CNPJ n\u00ba 09.257.804\/0001-45, NIRE 31208005809, sede Av. Dos Ex-Combatentes, n\u00ba 1450, Bairro Santa Luzia \u2013 Centro, Ub\u00e1\/MG. Em atendimento aos Artigos 1082\/1084, C.Civil, torna p\u00fablico a redu\u00e7\u00e3o do seu capital de R$2.300.000,00 para R$1.181.428,00, em raz\u00e3o da sa\u00edda da s\u00f3cia Nadja Luzia Pena Bressan com a devolu\u00e7\u00e3o de seu capital social. Ub\u00e1\/MG,25\/05\/2018.<\/p>\n","protected":false},"excerpt":{"rendered":"<p>Redu\u00e7\u00e3o De Capital &#8211; Madetrans Transportes De Cargas Ltda As s\u00f3cias Madja Luzia Pena Bressan, Rosane Pena Bressan e Rejane Pena Bressan, s\u00f3cias da Madetrans Transporte de Cargas Ltda, CNPJ n\u00ba 09.257.804\/0001-45, NIRE 31208005809, sede Av. Dos Ex-Combatentes, n\u00ba 1450, Bairro Santa Luzia \u2013 Centro, Ub\u00e1\/MG. Em atendimento aos Artigos 1082\/1084, C.Civil, torna p\u00fablico a [&hellip;]<\/p>\n","protected":false},"author":96,"featured_media":0,"comment_status":"closed","ping_status":"closed","sticky":false,"template":"","format":"standard","meta":{"footnotes":""},"categories":[307],"tags":[],"class_list":["post-106061","post","type-post","status-publish","format-standard","hentry","category-editais"],"_links":{"self":[{"href":"https:\/\/diarioregionaldigital.com.br\/index.php?rest_route=\/wp\/v2\/posts\/106061","targetHints":{"allow":["GET"]}}],"collection":[{"href":"https:\/\/diarioregionaldigital.com.br\/index.php?rest_route=\/wp\/v2\/posts"}],"about":[{"href":"https:\/\/diarioregionaldigital.com.br\/index.php?rest_route=\/wp\/v2\/types\/post"}],"author":[{"embeddable":true,"href":"https:\/\/diarioregionaldigital.com.br\/index.php?rest_route=\/wp\/v2\/users\/96"}],"replies":[{"embeddable":true,"href":"https:\/\/diarioregionaldigital.com.br\/index.php?rest_route=%2Fwp%2Fv2%2Fcomments&post=106061"}],"version-history":[{"count":0,"href":"https:\/\/diarioregionaldigital.com.br\/index.php?rest_route=\/wp\/v2\/posts\/106061\/revisions"}],"wp:attachment":[{"href":"https:\/\/diarioregionaldigital.com.br\/index.php?rest_route=%2Fwp%2Fv2%2Fmedia&parent=106061"}],"wp:term":[{"taxonomy":"category","embeddable":true,"href":"https:\/\/diarioregionaldigital.com.br\/index.php?rest_route=%2Fwp%2Fv2%2Fcategories&post=106061"},{"taxonomy":"post_tag","embeddable":true,"href":"https:\/\/diarioregionaldigital.com.br\/index.php?rest_route=%2Fwp%2Fv2%2Ftags&post=106061"}],"curies":[{"name":"wp","href":"https:\/\/api.w.org\/{rel}","templated":true}]}}